{"id":20974,"date":"2008-01-16T21:37:26","date_gmt":"2008-01-16T21:37:26","guid":{"rendered":"https:\/\/ufrb.edu.br\/2008\/01\/16\/livro-do-ministerio-publico-do-estado-da-bahia-tem-a-apresentacao-redigida-pelo-reitor-da-ufrb\/"},"modified":"2008-01-16T21:37:26","modified_gmt":"2008-01-16T21:37:26","slug":"livro-do-ministerio-publico-do-estado-da-bahia-tem-a-apresentacao-redigida-pelo-reitor-da-ufrb","status":"publish","type":"post","link":"https:\/\/ufrb.edu.br\/portal\/noticias\/livro-do-ministerio-publico-do-estado-da-bahia-tem-a-apresentacao-redigida-pelo-reitor-da-ufrb\/","title":{"rendered":"Livro do Minist\u00e9rio P\u00fablico do Estado da Bahia tem a apresenta\u00e7\u00e3o redigida pelo Reitor da UFRB"},"content":{"rendered":"<div align=\"justify\">O Reitor Paulo Gabriel Nacif foi convidado pelo Minist&eacute;rio P&uacute;blico da Bahia para apresentar o Manual Ambiental Penal, lan&ccedil;ado este m&ecirc;s.<\/div>\n<div align=\"justify\">&nbsp;<\/div>\n<div align=\"justify\">O livro &eacute; uma interpreta&ccedil;&atilde;o da Lei 9.605\/98. Importante para institui&ccedil;&otilde;es governamentais, ONGs, advogados e empresas que atuam na &aacute;rea ambiental, o Manual servir&aacute; de subs&iacute;dio ainda para cursos relacionados ao meio ambiente. <\/div>\n<div align=\"justify\">Professor Paulo Gabriel foi convidado representando n&atilde;o s&oacute; a UFRB, mas tamb&eacute;m o IESB, Instituto de Estudos S&oacute;cio-Ambientais, sediado em Ilh&eacute;us e que atua em projetos reconhecidos nacional e internacionalmente. Professor Paulo foi um dos fundadores do IESB e &eacute; membro do Conselho deliberativo da ONG.<br \/>Veja a capa do livro e o texto de apresenta&ccedil;&atilde;o do mesmo.&nbsp; &nbsp;<\/div>\n<div align=\"justify\">&nbsp;<\/div>\n<div align=\"justify\">\n<div align=\"center\">{gallery}noticias\/manual_ambiental{\/gallery}<\/div>\n<p>&nbsp;<\/p><\/div>\n","protected":false},"excerpt":{"rendered":"<p>O Reitor Paulo Gabriel Nacif foi convidado pelo Minist&eacute;rio P&uacute;blico da Bahia para apresentar o Manual Ambiental Penal, lan&ccedil;ado este m&ecirc;s. &nbsp; O livro &eacute; uma interpreta&ccedil;&atilde;o da Lei 9.605\/98. Importante para institui&ccedil;&otilde;es governamentais, ONGs, advogados e empresas que atuam na &aacute;rea ambiental, o Manual servir&aacute; de subs&iacute;dio ainda para cursos relacionados ao meio ambiente. [&hellip;]<\/p>\n","protected":false},"author":1,"featured_media":0,"comment_status":"closed","ping_status":"closed","sticky":false,"template":"","format":"standard","meta":{"_acf_changed":false,"footnotes":""},"categories":[8],"tags":[],"class_list":["post-20974","post","type-post","status-publish","format-standard","hentry","category-noticias"],"acf":[],"_links":{"self":[{"href":"https:\/\/ufrb.edu.br\/portal\/wp-json\/wp\/v2\/posts\/20974","targetHints":{"allow":["GET"]}}],"collection":[{"href":"https:\/\/ufrb.edu.br\/portal\/wp-json\/wp\/v2\/posts"}],"about":[{"href":"https:\/\/ufrb.edu.br\/portal\/wp-json\/wp\/v2\/types\/post"}],"author":[{"embeddable":true,"href":"https:\/\/ufrb.edu.br\/portal\/wp-json\/wp\/v2\/users\/1"}],"replies":[{"embeddable":true,"href":"https:\/\/ufrb.edu.br\/portal\/wp-json\/wp\/v2\/comments?post=20974"}],"version-history":[{"count":0,"href":"https:\/\/ufrb.edu.br\/portal\/wp-json\/wp\/v2\/posts\/20974\/revisions"}],"wp:attachment":[{"href":"https:\/\/ufrb.edu.br\/portal\/wp-json\/wp\/v2\/media?parent=20974"}],"wp:term":[{"taxonomy":"category","embeddable":true,"href":"https:\/\/ufrb.edu.br\/portal\/wp-json\/wp\/v2\/categories?post=20974"},{"taxonomy":"post_tag","embeddable":true,"href":"https:\/\/ufrb.edu.br\/portal\/wp-json\/wp\/v2\/tags?post=20974"}],"curies":[{"name":"wp","href":"https:\/\/api.w.org\/{rel}","templated":true}]}}