{"id":21083,"date":"2008-04-16T16:13:02","date_gmt":"2008-04-16T16:13:02","guid":{"rendered":"https:\/\/ufrb.edu.br\/2008\/04\/16\/a-experiencia-da-mobilizacao-para-criar-a-ufrb-e-referencia-para-outras-regioes-da-bahia\/"},"modified":"2008-04-16T16:13:02","modified_gmt":"2008-04-16T16:13:02","slug":"a-experiencia-da-mobilizacao-para-criar-a-ufrb-e-referencia-para-outras-regioes-da-bahia","status":"publish","type":"post","link":"https:\/\/ufrb.edu.br\/portal\/noticias\/a-experiencia-da-mobilizacao-para-criar-a-ufrb-e-referencia-para-outras-regioes-da-bahia\/","title":{"rendered":"A experi\u00eancia da mobiliza\u00e7\u00e3o para criar a UFRB \u00e9 refer\u00eancia para outras regi\u00f5es da Bahia"},"content":{"rendered":"<div align=\"center\">&nbsp;<\/div>\n<div align=\"center\">&nbsp;<\/div>\n<div align=\"justify\">A administra&ccedil;&atilde;o central recebeu, no dia&nbsp; 9 de abril de 2008, representantes do&nbsp; Grupo de Trabalho de Educa&ccedil;&atilde;o e do Grupo de Trabalho Pr&oacute;-Universidade P&uacute;blica do Territ&oacute;rio da bacia do Jacu&iacute;pe. Eles vieram &agrave; UFRB com o objetivo de conhecer a experi&ecirc;ncia de mobiliza&ccedil;&atilde;o de uma regi&atilde;o na busca pela implanta&ccedil;&atilde;o de uma Universidade P&uacute;blica e visitar as instala&ccedil;&otilde;es do Campus.<\/div>\n<div align=\"justify\">Estiveram presentes na reuni&atilde;o o Reitor Paulo Gabriel Nacif e o Vice-reitor Silvio Soglia, o&nbsp; Professor Geraldo Sampaio Costa, assessor de Projetos Especiais e Estrat&eacute;gicos, Elton Alves Sampaio, Secret&aacute;rio Executivo do CODES &ndash; Conselho Estadual de Desenvolvimento Econ&ocirc;mico e Social, Evaldo Carneiro de Miranda &ndash; T&eacute;cnico do Banco do Nordeste; Julita Trindade de Almeida (Assessora da Deputada Estadual, Neusa Cadore); Joanita Sousa Rios de Sena &ndash; Secret&aacute;ria de Educa&ccedil;&atilde;o da cidade de Baixa Grande; Vanusa Silva Rios &ndash; T&eacute;cnica da Secretaria de Educa&ccedil;&atilde;o da cidade de Baixa Grande; Pablo Peterson Fernandes de Oliveira (ex-secret&aacute;rio de Planejamento da Prefeitura de Cruz das Almas, atualmente, candidato a vereador); &Eacute;ttore Pablo Vilaronga Rios; Celso Pereira Rios &ndash; Secret&aacute;rio de Educa&ccedil;&atilde;o da cidade de S&atilde;o Jos&eacute; do Jacu&iacute;pe; Joilma Reis Rios &#8211; representante dos professores do Territ&oacute;rio do Jacu&iacute;pe e da Cooperativa de Cr&eacute;dito; Maria Elizabeth da Silva &#8211; professora da UFBA; Reginaldo Pereira da Cruz; Maria de Lourdes A. de Oliveira, coordenadora pedag&oacute;gica da cidade de V&aacute;rzea da Ro&ccedil;a; N&uacute;bia Oliveira Almeida da Cruz &#8211; coordenadora pedag&oacute;gica da cidade de V&aacute;rzea da Ro&ccedil;a; Theodomiro Paulo Queiroz de Souza &#8211; Presidente da CODES;Wilson L&aacute;zaro Mascarenhas &ndash; Prefeito da cidade de V&aacute;rzea da Ro&ccedil;a.<\/div>\n<div align=\"justify\">&nbsp;<\/div>\n<div align=\"center\">&nbsp;<img loading=\"lazy\" decoding=\"async\" class=\" size-full wp-image-21082\" src=\"http:\/\/ufrb.edu.br\/wp-content\/uploads\/2008\/04\/reuniao_jacuipe-121.jpg\" hspace=\"6\" alt=\"\" title=\"\" border=\"0\" width=\"415\" height=\"256\" srcset=\"https:\/\/ufrb.edu.br\/portal\/wp-content\/uploads\/sites\/5\/2008\/04\/reuniao_jacuipe-121.jpg 415w, https:\/\/ufrb.edu.br\/portal\/wp-content\/uploads\/sites\/5\/2008\/04\/reuniao_jacuipe-121-300x185.jpg 300w\" sizes=\"auto, (max-width: 415px) 100vw, 415px\" \/><\/div>\n<div align=\"justify\">&nbsp;<\/div>\n<div align=\"justify\">Al&eacute;m do apoio aos GT&#039;s, a administra&ccedil;&atilde;o central salientou que poder&aacute; receber os grupos em outras reuni&otilde;es, visando o relato de mais experi&ecirc;ncias nos processos de mobiliza&ccedil;&atilde;o em busca de uma Universidade Federal. Tamb&eacute;m ofereceu parcerias na &aacute;rea&nbsp; de educa&ccedil;&atilde;o para aquela regi&atilde;o, dada a impossibilidade de implanta&ccedil;&atilde;o de um Campus da UFRB, pedido que os GT&#039;s fizeram &agrave; Reitoria. <\/div>\n<div align=\"justify\">&nbsp;<\/div>\n","protected":false},"excerpt":{"rendered":"<p>&nbsp; &nbsp; A administra&ccedil;&atilde;o central recebeu, no dia&nbsp; 9 de abril de 2008, representantes do&nbsp; Grupo de Trabalho de Educa&ccedil;&atilde;o e do Grupo de Trabalho Pr&oacute;-Universidade P&uacute;blica do Territ&oacute;rio da bacia do Jacu&iacute;pe. Eles vieram &agrave; UFRB com o objetivo de conhecer a experi&ecirc;ncia de mobiliza&ccedil;&atilde;o de uma regi&atilde;o na busca pela implanta&ccedil;&atilde;o de uma [&hellip;]<\/p>\n","protected":false},"author":1,"featured_media":21082,"comment_status":"closed","ping_status":"closed","sticky":false,"template":"","format":"standard","meta":{"_acf_changed":false,"footnotes":""},"categories":[8],"tags":[],"class_list":["post-21083","post","type-post","status-publish","format-standard","has-post-thumbnail","hentry","category-noticias"],"acf":[],"_links":{"self":[{"href":"https:\/\/ufrb.edu.br\/portal\/wp-json\/wp\/v2\/posts\/21083","targetHints":{"allow":["GET"]}}],"collection":[{"href":"https:\/\/ufrb.edu.br\/portal\/wp-json\/wp\/v2\/posts"}],"about":[{"href":"https:\/\/ufrb.edu.br\/portal\/wp-json\/wp\/v2\/types\/post"}],"author":[{"embeddable":true,"href":"https:\/\/ufrb.edu.br\/portal\/wp-json\/wp\/v2\/users\/1"}],"replies":[{"embeddable":true,"href":"https:\/\/ufrb.edu.br\/portal\/wp-json\/wp\/v2\/comments?post=21083"}],"version-history":[{"count":0,"href":"https:\/\/ufrb.edu.br\/portal\/wp-json\/wp\/v2\/posts\/21083\/revisions"}],"wp:featuredmedia":[{"embeddable":true,"href":"https:\/\/ufrb.edu.br\/portal\/wp-json\/wp\/v2\/media\/21082"}],"wp:attachment":[{"href":"https:\/\/ufrb.edu.br\/portal\/wp-json\/wp\/v2\/media?parent=21083"}],"wp:term":[{"taxonomy":"category","embeddable":true,"href":"https:\/\/ufrb.edu.br\/portal\/wp-json\/wp\/v2\/categories?post=21083"},{"taxonomy":"post_tag","embeddable":true,"href":"https:\/\/ufrb.edu.br\/portal\/wp-json\/wp\/v2\/tags?post=21083"}],"curies":[{"name":"wp","href":"https:\/\/api.w.org\/{rel}","templated":true}]}}