{"id":21114,"date":"2008-05-18T14:41:54","date_gmt":"2008-05-18T14:41:54","guid":{"rendered":"https:\/\/ufrb.edu.br\/2008\/05\/18\/projeto-do-ccs-proporciona-reabilitacao-neuropsicologica-para-criancas-em-santo-antonio-de-jesus\/"},"modified":"2008-05-18T14:41:54","modified_gmt":"2008-05-18T14:41:54","slug":"projeto-do-ccs-proporciona-reabilitacao-neuropsicologica-para-criancas-em-santo-antonio-de-jesus","status":"publish","type":"post","link":"https:\/\/ufrb.edu.br\/portal\/noticias\/projeto-do-ccs-proporciona-reabilitacao-neuropsicologica-para-criancas-em-santo-antonio-de-jesus\/","title":{"rendered":"Projeto do CCS proporciona reabilita\u00e7\u00e3o neuropsicol\u00f3gica para crian\u00e7as em Santo Ant\u00f4nio de Jesus"},"content":{"rendered":"<div align=\"justify\">A Professora de Psicologia Patr&iacute;cia Martins Freitas, do CCS da UFRB, est&aacute; implementando um projeto misto, de Pesquisa e Extens&atilde;o, denominado &ldquo;Aplica&ccedil;&atilde;o da Neuropsicologia Comportamental para Interven&ccedil;&atilde;o nos Transtornos de Aprendizagem&rdquo;. O projeto ao mesmo tempo que testa hip&oacute;tese do efeito reabilitativo para as dificuldades cognitivas de crian&ccedil;as com baixo desempenho escolar, oferece servi&ccedil;o de atendimento psicol&oacute;gico para as crian&ccedil;as e suas fam&iacute;lias.<\/div>\n<div align=\"justify\">&nbsp;<\/div>\n<div align=\"justify\">A implanta&ccedil;&atilde;o do projeto surgiu a partir das demandas levantadas pelo Projeto de Pesquisa de Avalia&ccedil;&otilde;es das Fun&ccedil;&otilde;es Psicoling&uuml;&iacute;sticas, Viso-Espaciais e Comportamentais em crian&ccedil;as de 4 a 8 anos em Santo Ant&ocirc;nio de Jesus-BA e da parceria estabelecida com a Secretaria Municipal de Educa&ccedil;&atilde;o, atendendo aos anseios de pais, professores e estudantes envolvidos no processo de avalia&ccedil;&atilde;o das crian&ccedil;as.<\/div>\n<div align=\"justify\">&nbsp;<\/div>\n<div align=\"justify\">A pesquisa realizada inicialmente encontrou altos &iacute;ndices de d&eacute;ficits cognitivos sugestivos de dist&uacute;rbios de aprendizagem nas crian&ccedil;as investigadas. <\/div>\n<div align=\"justify\">&nbsp;<\/div>\n<div align=\"justify\">Agora o projeto misto vem corresponder &agrave;s expectativas da comunidade por atividades de pesquisa e extens&atilde;o que preencham as lacunas deixadas pelo sistema p&uacute;blico de sa&uacute;de e educa&ccedil;&atilde;o em rela&ccedil;&atilde;o &agrave; pr&aacute;tica do profissional psic&oacute;logo, reconhecidamente importante nesses contextos. <\/div>\n<div align=\"justify\">&nbsp;<\/div>\n<div align=\"justify\">Para a professora Patr&iacute;cia que faz parte do NEPASE (N&uacute;cleo de Psicologia Aplicada a Sa&uacute;de e Educa&ccedil;&atilde;o), o projeto &eacute; um avan&ccedil;o &#039;ao integrar essas duas vertentes (pesquisa e extens&atilde;o) da tr&iacute;ade acad&ecirc;mica (que inclu&iacute; ensino) no l&oacute;cus do Rec&ocirc;ncavo Baiano&#039;, ela analisa. O projeto de interven&ccedil;&atilde;o vem fomentar desenvolvimento institucional (UFRB-CCS) e qualidade de vida &agrave;s crian&ccedil;as e pais a serem atendidos pelo programa. <\/div>\n<div align=\"justify\">&nbsp;<\/div>\n<div align=\"justify\">O projeto de interven&ccedil;&atilde;o ocorrer&aacute; na Sala de Multimeios Funcionais da Secretaria Municipal de Educa&ccedil;&atilde;o, num ambiente de qualidade, adequado as atividades reabilitativas e por meio dos docentes e discentes do NEPASE vinculados ao projeto. <\/div>\n<div align=\"justify\">&nbsp;<\/div>\n<div align=\"justify\">Os estudantes de psicologia que participar&atilde;o como colaboradores do projeto de interven&ccedil;&atilde;o, ter&atilde;o oportunidade de desenvolver habilidades pertinentes a pr&aacute;tica cl&iacute;nica da psicologia e a pesquisa na &aacute;rea da reabilita&ccedil;&atilde;o neuropsicol&oacute;gica, tendo possibilidade assim de uma forma&ccedil;&atilde;o acad&ecirc;mica de qualidade. <\/div>\n","protected":false},"excerpt":{"rendered":"<p>A Professora de Psicologia Patr&iacute;cia Martins Freitas, do CCS da UFRB, est&aacute; implementando um projeto misto, de Pesquisa e Extens&atilde;o, denominado &ldquo;Aplica&ccedil;&atilde;o da Neuropsicologia Comportamental para Interven&ccedil;&atilde;o nos Transtornos de Aprendizagem&rdquo;. O projeto ao mesmo tempo que testa hip&oacute;tese do efeito reabilitativo para as dificuldades cognitivas de crian&ccedil;as com baixo desempenho escolar, oferece servi&ccedil;o de [&hellip;]<\/p>\n","protected":false},"author":1,"featured_media":0,"comment_status":"closed","ping_status":"closed","sticky":false,"template":"","format":"standard","meta":{"_acf_changed":false,"footnotes":""},"categories":[8],"tags":[],"class_list":["post-21114","post","type-post","status-publish","format-standard","hentry","category-noticias"],"acf":[],"_links":{"self":[{"href":"https:\/\/ufrb.edu.br\/portal\/wp-json\/wp\/v2\/posts\/21114","targetHints":{"allow":["GET"]}}],"collection":[{"href":"https:\/\/ufrb.edu.br\/portal\/wp-json\/wp\/v2\/posts"}],"about":[{"href":"https:\/\/ufrb.edu.br\/portal\/wp-json\/wp\/v2\/types\/post"}],"author":[{"embeddable":true,"href":"https:\/\/ufrb.edu.br\/portal\/wp-json\/wp\/v2\/users\/1"}],"replies":[{"embeddable":true,"href":"https:\/\/ufrb.edu.br\/portal\/wp-json\/wp\/v2\/comments?post=21114"}],"version-history":[{"count":0,"href":"https:\/\/ufrb.edu.br\/portal\/wp-json\/wp\/v2\/posts\/21114\/revisions"}],"wp:attachment":[{"href":"https:\/\/ufrb.edu.br\/portal\/wp-json\/wp\/v2\/media?parent=21114"}],"wp:term":[{"taxonomy":"category","embeddable":true,"href":"https:\/\/ufrb.edu.br\/portal\/wp-json\/wp\/v2\/categories?post=21114"},{"taxonomy":"post_tag","embeddable":true,"href":"https:\/\/ufrb.edu.br\/portal\/wp-json\/wp\/v2\/tags?post=21114"}],"curies":[{"name":"wp","href":"https:\/\/api.w.org\/{rel}","templated":true}]}}