{"id":21131,"date":"2008-05-30T15:41:01","date_gmt":"2008-05-30T15:41:01","guid":{"rendered":"https:\/\/ufrb.edu.br\/2008\/05\/30\/informacoes-sobre-selecao-para-aluno-especial-do-mestrado-em-recursos-geneticos-vegetais\/"},"modified":"2008-05-30T15:41:01","modified_gmt":"2008-05-30T15:41:01","slug":"informacoes-sobre-selecao-para-aluno-especial-do-mestrado-em-recursos-geneticos-vegetais","status":"publish","type":"post","link":"https:\/\/ufrb.edu.br\/portal\/noticias\/informacoes-sobre-selecao-para-aluno-especial-do-mestrado-em-recursos-geneticos-vegetais\/","title":{"rendered":"Informa\u00e7\u00f5es sobre sele\u00e7\u00e3o para Aluno Especial do Mestrado em Recursos Gen\u00e9ticos Vegetais"},"content":{"rendered":"<div align=\"justify\">As Inscri&ccedil;&otilde;es para aluno especial foram de 26 de maio e 27 de&nbsp; junho de 2008.<\/div>\n<div align=\"justify\">Mais informa&ccedil;&otilde;es na p&aacute;gina do <a href=\"http:\/\/www.pgrecvegetais.ufrb.edu.br\" target=\"_blank\" rel=\"noopener\">RGV<\/a>. Os alunos selecionados ingressam no segundo semestre de 2008. <\/p>\n<p>&nbsp;<\/p><\/div>\n","protected":false},"excerpt":{"rendered":"<p>As Inscri&ccedil;&otilde;es para aluno especial foram de 26 de maio e 27 de&nbsp; junho de 2008. Mais informa&ccedil;&otilde;es na p&aacute;gina do RGV. Os alunos selecionados ingressam no segundo semestre de 2008. &nbsp;<\/p>\n","protected":false},"author":1,"featured_media":0,"comment_status":"closed","ping_status":"closed","sticky":false,"template":"","format":"standard","meta":{"_acf_changed":false,"footnotes":""},"categories":[8],"tags":[],"class_list":["post-21131","post","type-post","status-publish","format-standard","hentry","category-noticias"],"acf":[],"_links":{"self":[{"href":"https:\/\/ufrb.edu.br\/portal\/wp-json\/wp\/v2\/posts\/21131","targetHints":{"allow":["GET"]}}],"collection":[{"href":"https:\/\/ufrb.edu.br\/portal\/wp-json\/wp\/v2\/posts"}],"about":[{"href":"https:\/\/ufrb.edu.br\/portal\/wp-json\/wp\/v2\/types\/post"}],"author":[{"embeddable":true,"href":"https:\/\/ufrb.edu.br\/portal\/wp-json\/wp\/v2\/users\/1"}],"replies":[{"embeddable":true,"href":"https:\/\/ufrb.edu.br\/portal\/wp-json\/wp\/v2\/comments?post=21131"}],"version-history":[{"count":0,"href":"https:\/\/ufrb.edu.br\/portal\/wp-json\/wp\/v2\/posts\/21131\/revisions"}],"wp:attachment":[{"href":"https:\/\/ufrb.edu.br\/portal\/wp-json\/wp\/v2\/media?parent=21131"}],"wp:term":[{"taxonomy":"category","embeddable":true,"href":"https:\/\/ufrb.edu.br\/portal\/wp-json\/wp\/v2\/categories?post=21131"},{"taxonomy":"post_tag","embeddable":true,"href":"https:\/\/ufrb.edu.br\/portal\/wp-json\/wp\/v2\/tags?post=21131"}],"curies":[{"name":"wp","href":"https:\/\/api.w.org\/{rel}","templated":true}]}}