{"id":21199,"date":"2008-07-04T10:01:39","date_gmt":"2008-07-04T10:01:39","guid":{"rendered":"https:\/\/ufrb.edu.br\/2008\/07\/04\/hoje-seminario-agrocombustiveis-e-sustentabilidade-socio-ambiental-alimentar-e-energetica\/"},"modified":"2008-07-04T10:01:39","modified_gmt":"2008-07-04T10:01:39","slug":"hoje-seminario-agrocombustiveis-e-sustentabilidade-socio-ambiental-alimentar-e-energetica","status":"publish","type":"post","link":"https:\/\/ufrb.edu.br\/portal\/noticias\/hoje-seminario-agrocombustiveis-e-sustentabilidade-socio-ambiental-alimentar-e-energetica\/","title":{"rendered":"Hoje &#8211; Semin\u00e1rio: Agrocombust\u00edveis e Sustentabilidade S\u00f3cio-ambiental, Alimentar e Energ\u00e9tica"},"content":{"rendered":"<div align=\"justify\">Com o objetivo de promover uma reflex&atilde;o sobre os agrocombust&iacute;veis como fonte de energia renov&aacute;vel e a sua import&acirc;ncia para o fortalecimento da Agricultura Familiar, discutindo tamb&eacute;m quest&otilde;es relacionadas &agrave; influ&ecirc;ncia da pol&iacute;tica de desenvolvimento dos agrocombust&iacute;veis sobre a produ&ccedil;&atilde;o de alimentos, a UFRB vai realizar o Semin&aacute;rio: Agrocombust&iacute;veis e Sustentabilidade S&oacute;cio-ambiental, Alimentar e Energ&eacute;tica.<br \/> &nbsp;<br \/> Durante o semin&aacute;rio os participantes v&atilde;o ter a oportunidade de conhecer o Programa Biodiesel como pol&iacute;tica p&uacute;blica para o desenvolvimento do campo; a cadeia produtiva das oleaginosas produtoras de agrocombust&iacute;veis; refletir sobre a seguran&ccedil;a alimentar e a produ&ccedil;&atilde;o de agrocombust&iacute;veis; conhecer as pesquisas e experi&ecirc;ncias sobre a produ&ccedil;&atilde;o sustent&aacute;vel do agrocombust&iacute;veis e a&nbsp; situa&ccedil;&atilde;o atual e as perspectivas de produ&ccedil;&atilde;o de agrocombust&iacute;veis no Brasil e na Bahia.O Semin&aacute;rio &eacute; uma realiza&ccedil;&atilde;o dos Formandos de Agronomia, em parceria com o grupo Agrovida &#8211; Movimento de Apoio &agrave; Agricultura Familiar e o NBIO N&uacute;cleo de Melhoramento Gen&eacute;tico e Biotecnologia, com apoio do CCAAB e da PROEXT. O evento ser&aacute; realizado durante todo o dia 09 de julho,&nbsp; nas instala&ccedil;&otilde;es do CCAAB e o investimento &eacute; de R$ 10,00.<br \/>&nbsp;<br \/>O p&uacute;blico alvo s&atilde;o os Agricultores, ONG&rsquo;s, estudantes das ci&ecirc;ncias agr&aacute;rias, ambientais e biol&oacute;gicas, pesquisadores e professores.<\/div>\n<div align=\"justify\">&nbsp;<\/div>\n<div align=\"justify\">O evento &eacute; uma realiza&ccedil;&atilde;o dos Formandos de Agronomia, em parceria com o grupo Agrovida &#8211; Movimento de Apoio &agrave; Agricultura Familiar e o NBIO N&uacute;cleo de Melhoramento Gen&eacute;tico e Biotecnologia, com apoio do CCAAB e da PROEXT.<\/div>\n<div align=\"justify\">&nbsp;<\/div>\n<div align=\"justify\">Veja o cartaz do evento: &nbsp;<\/div>\n<div align=\"justify\">&nbsp;<\/div>\n<div align=\"justify\">{gallery}noticias\/agrocombustiveis{\/gallery} <\/div>\n<div align=\"justify\">&nbsp;<\/div>\n<div align=\"justify\">&nbsp;<br \/>&nbsp;<\/p>\n<\/div>\n","protected":false},"excerpt":{"rendered":"<p>Com o objetivo de promover uma reflex&atilde;o sobre os agrocombust&iacute;veis como fonte de energia renov&aacute;vel e a sua import&acirc;ncia para o fortalecimento da Agricultura Familiar, discutindo tamb&eacute;m quest&otilde;es relacionadas &agrave; influ&ecirc;ncia da pol&iacute;tica de desenvolvimento dos agrocombust&iacute;veis sobre a produ&ccedil;&atilde;o de alimentos, a UFRB vai realizar o Semin&aacute;rio: Agrocombust&iacute;veis e Sustentabilidade S&oacute;cio-ambiental, Alimentar e Energ&eacute;tica. [&hellip;]<\/p>\n","protected":false},"author":1,"featured_media":0,"comment_status":"closed","ping_status":"closed","sticky":false,"template":"","format":"standard","meta":{"_acf_changed":false,"footnotes":""},"categories":[8],"tags":[],"class_list":["post-21199","post","type-post","status-publish","format-standard","hentry","category-noticias"],"acf":[],"_links":{"self":[{"href":"https:\/\/ufrb.edu.br\/portal\/wp-json\/wp\/v2\/posts\/21199","targetHints":{"allow":["GET"]}}],"collection":[{"href":"https:\/\/ufrb.edu.br\/portal\/wp-json\/wp\/v2\/posts"}],"about":[{"href":"https:\/\/ufrb.edu.br\/portal\/wp-json\/wp\/v2\/types\/post"}],"author":[{"embeddable":true,"href":"https:\/\/ufrb.edu.br\/portal\/wp-json\/wp\/v2\/users\/1"}],"replies":[{"embeddable":true,"href":"https:\/\/ufrb.edu.br\/portal\/wp-json\/wp\/v2\/comments?post=21199"}],"version-history":[{"count":0,"href":"https:\/\/ufrb.edu.br\/portal\/wp-json\/wp\/v2\/posts\/21199\/revisions"}],"wp:attachment":[{"href":"https:\/\/ufrb.edu.br\/portal\/wp-json\/wp\/v2\/media?parent=21199"}],"wp:term":[{"taxonomy":"category","embeddable":true,"href":"https:\/\/ufrb.edu.br\/portal\/wp-json\/wp\/v2\/categories?post=21199"},{"taxonomy":"post_tag","embeddable":true,"href":"https:\/\/ufrb.edu.br\/portal\/wp-json\/wp\/v2\/tags?post=21199"}],"curies":[{"name":"wp","href":"https:\/\/api.w.org\/{rel}","templated":true}]}}