{"id":21260,"date":"2008-08-08T11:02:45","date_gmt":"2008-08-08T11:02:45","guid":{"rendered":"https:\/\/ufrb.edu.br\/2008\/08\/08\/ufrb-realizou-palestra-sobre-organizacao-e-gestao-da-assistencia-a-saude-suplementar-do-servidor\/"},"modified":"2008-08-08T11:02:45","modified_gmt":"2008-08-08T11:02:45","slug":"ufrb-realizou-palestra-sobre-organizacao-e-gestao-da-assistencia-a-saude-suplementar-do-servidor","status":"publish","type":"post","link":"https:\/\/ufrb.edu.br\/portal\/noticias\/ufrb-realizou-palestra-sobre-organizacao-e-gestao-da-assistencia-a-saude-suplementar-do-servidor\/","title":{"rendered":"UFRB realizou palestra sobre Organiza\u00e7\u00e3o e Gest\u00e3o da Assist\u00eancia \u00e0 Sa\u00fade Suplementar do Servidor"},"content":{"rendered":"<div align=\"justify\">A palestra abordou conceitos adotados em sa&uacute;de suplementar, operadoras de plano de assist&ecirc;ncia &agrave; sa&uacute;de que atuam na regi&atilde;o, estrutura de oferta de servi&ccedil;os, produtos por elas comercializados, caracter&iacute;sticas principais de um servi&ccedil;o de presta&ccedil;&atilde;o direta e sua viabilidade para a UFRB. <\/div>\n<div align=\"justify\">O palestrante foi Vespasiano Neto, Diretor de relacionamento da Ahseb, S&oacute;cio Diretor da Empresa Gest&atilde;o em Sa&uacute;de Empreendimentos. Foi membro do Conselho Estadual de Sa&uacute;de, Gerente Comercial do Hospital Portugu&ecirc;s e Coordenador Geral do Planserv.<\/div>\n","protected":false},"excerpt":{"rendered":"<p>A palestra abordou conceitos adotados em sa&uacute;de suplementar, operadoras de plano de assist&ecirc;ncia &agrave; sa&uacute;de que atuam na regi&atilde;o, estrutura de oferta de servi&ccedil;os, produtos por elas comercializados, caracter&iacute;sticas principais de um servi&ccedil;o de presta&ccedil;&atilde;o direta e sua viabilidade para a UFRB. O palestrante foi Vespasiano Neto, Diretor de relacionamento da Ahseb, S&oacute;cio Diretor da [&hellip;]<\/p>\n","protected":false},"author":1,"featured_media":0,"comment_status":"closed","ping_status":"closed","sticky":false,"template":"","format":"standard","meta":{"_acf_changed":false,"footnotes":""},"categories":[8],"tags":[],"class_list":["post-21260","post","type-post","status-publish","format-standard","hentry","category-noticias"],"acf":[],"_links":{"self":[{"href":"https:\/\/ufrb.edu.br\/portal\/wp-json\/wp\/v2\/posts\/21260","targetHints":{"allow":["GET"]}}],"collection":[{"href":"https:\/\/ufrb.edu.br\/portal\/wp-json\/wp\/v2\/posts"}],"about":[{"href":"https:\/\/ufrb.edu.br\/portal\/wp-json\/wp\/v2\/types\/post"}],"author":[{"embeddable":true,"href":"https:\/\/ufrb.edu.br\/portal\/wp-json\/wp\/v2\/users\/1"}],"replies":[{"embeddable":true,"href":"https:\/\/ufrb.edu.br\/portal\/wp-json\/wp\/v2\/comments?post=21260"}],"version-history":[{"count":0,"href":"https:\/\/ufrb.edu.br\/portal\/wp-json\/wp\/v2\/posts\/21260\/revisions"}],"wp:attachment":[{"href":"https:\/\/ufrb.edu.br\/portal\/wp-json\/wp\/v2\/media?parent=21260"}],"wp:term":[{"taxonomy":"category","embeddable":true,"href":"https:\/\/ufrb.edu.br\/portal\/wp-json\/wp\/v2\/categories?post=21260"},{"taxonomy":"post_tag","embeddable":true,"href":"https:\/\/ufrb.edu.br\/portal\/wp-json\/wp\/v2\/tags?post=21260"}],"curies":[{"name":"wp","href":"https:\/\/api.w.org\/{rel}","templated":true}]}}