{"id":21298,"date":"2008-09-02T11:31:37","date_gmt":"2008-09-02T11:31:37","guid":{"rendered":"https:\/\/ufrb.edu.br\/2008\/09\/02\/grupo-de-trabalho-de-assistencia-a-saude-realizara-consulta-aos-servidores-nos-dias-09-e-1009\/"},"modified":"2008-09-02T11:31:37","modified_gmt":"2008-09-02T11:31:37","slug":"grupo-de-trabalho-de-assistencia-a-saude-realizara-consulta-aos-servidores-nos-dias-09-e-1009","status":"publish","type":"post","link":"https:\/\/ufrb.edu.br\/portal\/noticias\/grupo-de-trabalho-de-assistencia-a-saude-realizara-consulta-aos-servidores-nos-dias-09-e-1009\/","title":{"rendered":"Grupo de Trabalho de Assist\u00eancia a Sa\u00fade realizar\u00e1 consulta aos servidores nos dias 09 e 10\/09"},"content":{"rendered":"<p>O Grupo de Trabalho de Assist&ecirc;ncia a Sa&uacute;de da UFRB realizar&aacute; consulta aos servidores nos dias 09 e 10 de setembro de 2008. As urnas est&atilde;o dispon&iacute;veis nos centros e no Pr&eacute;dio da Reitoria.<\/p>\n<div align=\"justify\">\nOs servidores que desejarem maiores esclarecimentos dever&atilde;o visitar <a href=\"https:\/\/ufrb.edu.br\/portal\/2008\/07\/30\/grupo-de-trabalho-assistencia-a-saude-suplementar\/\" target=\"_self\" rel=\"noopener\">este link<\/a> (onde est&atilde;o dispon&iacute;veis Plano de Trabalho,&nbsp; Folder e Apresenta&ccedil;&atilde;o do Consultor Vespasiano Neto) ou entrar em contato com membros do GT.\n<\/div>\n<div align=\"justify\">\n&nbsp;\n<\/div>\n<div align=\"justify\">\nAida Celeste Silveira Maia &#8211; PROAD &#8211; (75) 3624 5304<br \/>\nDeivisson Le&atilde;o do Nascimento &#8211; CAHL &#8211; (75) 3425 2138<br \/>\nEdmilson Pereira de Almeida &#8211; CCAAB &#8211; (75) 3621 3120<br \/>\nGeovane Santana dos Santos &#8211; PROPLAN &#8211; (75) 36215692<br \/>\nLuiz Gustavo Santos Encarna&ccedil;&atilde;o &#8211; CCS &#8211; (75) 3632 4629<br \/>\nMarcio Lacerda Lopes Martins (Docente) &#8211; CCAAB\/PROPLAN &#8211; (75) 36215692<br \/>\nSergio Schwarz da Rocha (Docente) &#8211; CCAAB\/PROPLAN &#8211; (75) 36215692<br \/>\nSuraya Brito Chagas &#8211; CFP &#8211; (75) 3634 3184\n<\/div>\n<div align=\"justify\">\n&nbsp;\n<\/div>\n<div align=\"justify\">\nObs.: Os contatos efetuados por este GT com as operadoras de Auto-Gest&atilde;o n&atilde;o foram respondidos em tempo h&aacute;bil, por este motivo a 4&ordf; Etapa n&atilde;o foi realizado. Salientamos que em caso de vit&oacute;ria da modalidade Auto-Gest&atilde;o, novos contatos ser&atilde;o realizados, afim de que os servidores selecionem a melhor proposta.\n<\/div>\n<p><\/p>\n","protected":false},"excerpt":{"rendered":"<p>O Grupo de Trabalho de Assist&ecirc;ncia a Sa&uacute;de da UFRB realizar&aacute; consulta aos servidores nos dias 09 e 10 de setembro de 2008. As urnas est&atilde;o dispon&iacute;veis nos centros e no Pr&eacute;dio da Reitoria. Os servidores que desejarem maiores esclarecimentos dever&atilde;o visitar este link (onde est&atilde;o dispon&iacute;veis Plano de Trabalho,&nbsp; Folder e Apresenta&ccedil;&atilde;o do Consultor [&hellip;]<\/p>\n","protected":false},"author":1,"featured_media":0,"comment_status":"closed","ping_status":"closed","sticky":false,"template":"","format":"standard","meta":{"_acf_changed":false,"footnotes":""},"categories":[8],"tags":[],"class_list":["post-21298","post","type-post","status-publish","format-standard","hentry","category-noticias"],"acf":[],"_links":{"self":[{"href":"https:\/\/ufrb.edu.br\/portal\/wp-json\/wp\/v2\/posts\/21298","targetHints":{"allow":["GET"]}}],"collection":[{"href":"https:\/\/ufrb.edu.br\/portal\/wp-json\/wp\/v2\/posts"}],"about":[{"href":"https:\/\/ufrb.edu.br\/portal\/wp-json\/wp\/v2\/types\/post"}],"author":[{"embeddable":true,"href":"https:\/\/ufrb.edu.br\/portal\/wp-json\/wp\/v2\/users\/1"}],"replies":[{"embeddable":true,"href":"https:\/\/ufrb.edu.br\/portal\/wp-json\/wp\/v2\/comments?post=21298"}],"version-history":[{"count":0,"href":"https:\/\/ufrb.edu.br\/portal\/wp-json\/wp\/v2\/posts\/21298\/revisions"}],"wp:attachment":[{"href":"https:\/\/ufrb.edu.br\/portal\/wp-json\/wp\/v2\/media?parent=21298"}],"wp:term":[{"taxonomy":"category","embeddable":true,"href":"https:\/\/ufrb.edu.br\/portal\/wp-json\/wp\/v2\/categories?post=21298"},{"taxonomy":"post_tag","embeddable":true,"href":"https:\/\/ufrb.edu.br\/portal\/wp-json\/wp\/v2\/tags?post=21298"}],"curies":[{"name":"wp","href":"https:\/\/api.w.org\/{rel}","templated":true}]}}