{"id":21321,"date":"2008-09-16T08:41:51","date_gmt":"2008-09-16T08:41:51","guid":{"rendered":"https:\/\/ufrb.edu.br\/2008\/09\/16\/inscricoes-abertas-para-o-ii-seminario-de-pesquisa-do-reconcavo-da-bahia-ii-sprb\/"},"modified":"2008-09-16T08:41:51","modified_gmt":"2008-09-16T08:41:51","slug":"inscricoes-abertas-para-o-ii-seminario-de-pesquisa-do-reconcavo-da-bahia-ii-sprb","status":"publish","type":"post","link":"https:\/\/ufrb.edu.br\/portal\/noticias\/inscricoes-abertas-para-o-ii-seminario-de-pesquisa-do-reconcavo-da-bahia-ii-sprb\/","title":{"rendered":"Inscri\u00e7\u00f5es abertas para o II Semin\u00e1rio de Pesquisa do Rec\u00f4ncavo da Bahia (II SPRB)"},"content":{"rendered":"<div align=\"justify\">\nA Pr&oacute;-Reitoria de Pesquisa e P&oacute;s-Gradua&ccedil;&atilde;o promover&aacute; a segunda edi&ccedil;&atilde;o<br \/>\nde tr&ecirc;s eventos integrados no mesmo per&iacute;odo:&nbsp; o II Semin&aacute;rio de<br \/>\nPesquisa do Rec&ocirc;ncavo da Bahia (SPRB), o II Semin&aacute;rio Estudantil de<br \/>\nPesquisa da UFRB (SEP) e o II Semin&aacute;rio de P&oacute;s-Gradua&ccedil;&atilde;o da UFRB (SPG).<\/p>\n<\/div>\n<div align=\"justify\">\nOs eventos est&atilde;o programados para o per&iacute;odo de&nbsp; 04 a 06 de novembro de<br \/>\n2008, sendo que a submiss&atilde;o de trabalhos ser&aacute; de 15\/09 a 09\/10\/2008.<br \/>\n&nbsp;<br \/>\n\n<\/div>\n<p>Como objetivo primordial, o II SPRB\/II SEP\/II SPG visa congregar<br \/>\nestudantes, professores e pesquisadores da UFRB, de outras Institui&ccedil;&otilde;es<br \/>\nde pesquisa e o p&uacute;blico em geral, promovendo a difus&atilde;o e estimulando o<br \/>\ndebate a respeito das atividades cient&iacute;ficas e tecnol&oacute;gicas<br \/>\ndesenvolvidas no &acirc;mbito da UFRB e do Rec&ocirc;ncavo Baiano.<\/p>\n<p>Vale lembrar a obrigatoriedade de participa&ccedil;&atilde;o com apresenta&ccedil;&atilde;o de trabalho dos estudantes bolsistas do PIBIC e PIBIC-Jr.<\/p>\n<p>Maiores informa&ccedil;&otilde;es: <a href=\"http:\/\/www.ufrb.edu.br\/sprb2008\" target=\"_blank\" rel=\"noopener\">www.ufrb.edu.br\/sprb2008<\/a> <\/p>\n","protected":false},"excerpt":{"rendered":"<p>A Pr&oacute;-Reitoria de Pesquisa e P&oacute;s-Gradua&ccedil;&atilde;o promover&aacute; a segunda edi&ccedil;&atilde;o de tr&ecirc;s eventos integrados no mesmo per&iacute;odo:&nbsp; o II Semin&aacute;rio de Pesquisa do Rec&ocirc;ncavo da Bahia (SPRB), o II Semin&aacute;rio Estudantil de Pesquisa da UFRB (SEP) e o II Semin&aacute;rio de P&oacute;s-Gradua&ccedil;&atilde;o da UFRB (SPG). Os eventos est&atilde;o programados para o per&iacute;odo de&nbsp; 04 a [&hellip;]<\/p>\n","protected":false},"author":1,"featured_media":0,"comment_status":"closed","ping_status":"closed","sticky":false,"template":"","format":"standard","meta":{"_acf_changed":false,"footnotes":""},"categories":[8],"tags":[],"class_list":["post-21321","post","type-post","status-publish","format-standard","hentry","category-noticias"],"acf":[],"_links":{"self":[{"href":"https:\/\/ufrb.edu.br\/portal\/wp-json\/wp\/v2\/posts\/21321","targetHints":{"allow":["GET"]}}],"collection":[{"href":"https:\/\/ufrb.edu.br\/portal\/wp-json\/wp\/v2\/posts"}],"about":[{"href":"https:\/\/ufrb.edu.br\/portal\/wp-json\/wp\/v2\/types\/post"}],"author":[{"embeddable":true,"href":"https:\/\/ufrb.edu.br\/portal\/wp-json\/wp\/v2\/users\/1"}],"replies":[{"embeddable":true,"href":"https:\/\/ufrb.edu.br\/portal\/wp-json\/wp\/v2\/comments?post=21321"}],"version-history":[{"count":0,"href":"https:\/\/ufrb.edu.br\/portal\/wp-json\/wp\/v2\/posts\/21321\/revisions"}],"wp:attachment":[{"href":"https:\/\/ufrb.edu.br\/portal\/wp-json\/wp\/v2\/media?parent=21321"}],"wp:term":[{"taxonomy":"category","embeddable":true,"href":"https:\/\/ufrb.edu.br\/portal\/wp-json\/wp\/v2\/categories?post=21321"},{"taxonomy":"post_tag","embeddable":true,"href":"https:\/\/ufrb.edu.br\/portal\/wp-json\/wp\/v2\/tags?post=21321"}],"curies":[{"name":"wp","href":"https:\/\/api.w.org\/{rel}","templated":true}]}}