{"id":21349,"date":"2008-10-10T07:35:21","date_gmt":"2008-10-10T07:35:21","guid":{"rendered":"https:\/\/ufrb.edu.br\/2008\/10\/10\/nova-nota-da-direcao-do-cahl-a-comunidade-academica\/"},"modified":"2008-10-10T07:35:21","modified_gmt":"2008-10-10T07:35:21","slug":"nova-nota-da-direcao-do-cahl-a-comunidade-academica","status":"publish","type":"post","link":"https:\/\/ufrb.edu.br\/portal\/noticias\/nova-nota-da-direcao-do-cahl-a-comunidade-academica\/","title":{"rendered":"Nova Nota da Dire\u00e7\u00e3o do CAHL \u00e0 Comunidade Acad\u00eamica"},"content":{"rendered":"<div style=\"text-align: justify\">A reuni\u00e3o ocorrida ontem, na Sala dos Conselhos da Reitoria, das 15h \u00e0s 17h, entre as duas comiss\u00f5es de negocia\u00e7\u00e3o designadas respectivamente pela Administra\u00e7\u00e3o Central e pelos Estudantes da UFRB \u2013 e, em lugar de destaque, do CAHL \u2013 foi extremamente positiva. Ap\u00f3s duas horas de discuss\u00f5es marcadas pela busca do consenso, pela cordialidade e pelo respeito m\u00fatuo, ambas as partes sairam satisfeitas pela instala\u00e7\u00e3o oficial da mesa de negocia\u00e7\u00f5es, dando fim a um perigoso impasse. <\/p>\n<p><!--more--><\/p>\n<p>Foi marcada a pr\u00f3xima reuni\u00e3o de negocia\u00e7\u00f5es para o dia 13 deste m\u00eas, \u00e0s 15 horas, na Sala dos Conselhos da Reitoria. Nesta reuni\u00e3o, os estudantes apresentar\u00e3o os 10 pontos priorit\u00e1rios da pauta, para que se iniciem as negocia\u00e7\u00f5es; na ocasi\u00e3o ser\u00e1 agendado tamb\u00e9m um cronograma para abordar os outros pontos.<\/p>\n<p>Hoje pela manh\u00e3, os estudantes do CAHL ter\u00e3o uma Assembl\u00e9ia Geral para deliberar sobre a manuten\u00e7\u00e3o ou n\u00e3o da ocupa\u00e7\u00e3o do CAHL; pela tarde, o Conselho Universit\u00e1rio se reunir\u00e1 para tratar da ocupa\u00e7\u00e3o da UFRB. Tenho certeza que dessas duas reuni\u00f5es sair\u00e3o decis\u00f5es ponderadas de ambas as partes. Enfim, aproveito o ensejo para saudar os estudantes do CAHL pelo amadurecimento extremamente significativo que o seu movimento viveu ao longo dessas duas semanas, ancorado em no\u00e7\u00f5es fundamentais de representatividade democr\u00e1tica, institucionalidade, responsabilidade e lideran\u00e7a.<\/p>\n<p>Cordialmente,<\/p>\n<p>A Dire\u00e7\u00e3o.<\/div>\n","protected":false},"excerpt":{"rendered":"<p>A reuni\u00e3o ocorrida ontem, na Sala dos Conselhos da Reitoria, das 15h \u00e0s 17h, entre as duas comiss\u00f5es de negocia\u00e7\u00e3o designadas respectivamente pela Administra\u00e7\u00e3o Central e pelos Estudantes da UFRB \u2013 e, em lugar de destaque, do CAHL \u2013 foi extremamente positiva. Ap\u00f3s duas horas de discuss\u00f5es marcadas pela busca do consenso, pela cordialidade e [&hellip;]<\/p>\n","protected":false},"author":1,"featured_media":0,"comment_status":"closed","ping_status":"closed","sticky":false,"template":"","format":"standard","meta":{"_acf_changed":false,"footnotes":""},"categories":[8],"tags":[],"class_list":["post-21349","post","type-post","status-publish","format-standard","hentry","category-noticias"],"acf":[],"_links":{"self":[{"href":"https:\/\/ufrb.edu.br\/portal\/wp-json\/wp\/v2\/posts\/21349","targetHints":{"allow":["GET"]}}],"collection":[{"href":"https:\/\/ufrb.edu.br\/portal\/wp-json\/wp\/v2\/posts"}],"about":[{"href":"https:\/\/ufrb.edu.br\/portal\/wp-json\/wp\/v2\/types\/post"}],"author":[{"embeddable":true,"href":"https:\/\/ufrb.edu.br\/portal\/wp-json\/wp\/v2\/users\/1"}],"replies":[{"embeddable":true,"href":"https:\/\/ufrb.edu.br\/portal\/wp-json\/wp\/v2\/comments?post=21349"}],"version-history":[{"count":0,"href":"https:\/\/ufrb.edu.br\/portal\/wp-json\/wp\/v2\/posts\/21349\/revisions"}],"wp:attachment":[{"href":"https:\/\/ufrb.edu.br\/portal\/wp-json\/wp\/v2\/media?parent=21349"}],"wp:term":[{"taxonomy":"category","embeddable":true,"href":"https:\/\/ufrb.edu.br\/portal\/wp-json\/wp\/v2\/categories?post=21349"},{"taxonomy":"post_tag","embeddable":true,"href":"https:\/\/ufrb.edu.br\/portal\/wp-json\/wp\/v2\/tags?post=21349"}],"curies":[{"name":"wp","href":"https:\/\/api.w.org\/{rel}","templated":true}]}}