{"id":21388,"date":"2008-11-04T11:10:35","date_gmt":"2008-11-04T11:10:35","guid":{"rendered":"https:\/\/ufrb.edu.br\/2008\/11\/04\/ufrb-se-filia-ao-forum-nacional-de-inovacao-e-transferencia-de-tecnologia-fortec\/"},"modified":"2008-11-04T11:10:35","modified_gmt":"2008-11-04T11:10:35","slug":"ufrb-se-filia-ao-forum-nacional-de-inovacao-e-transferencia-de-tecnologia-fortec","status":"publish","type":"post","link":"https:\/\/ufrb.edu.br\/portal\/noticias\/ufrb-se-filia-ao-forum-nacional-de-inovacao-e-transferencia-de-tecnologia-fortec\/","title":{"rendered":"UFRB se filia ao F\u00f3rum Nacional de Inova\u00e7\u00e3o e Transfer\u00eancia de Tecnologia-FORTEC"},"content":{"rendered":"<div style=\"text-align: justify\">No dia 21 de outubro foi homologada a afilia\u00e7\u00e3o da UFRB no F\u00f3rum Nacional de Gestores de Inova\u00e7\u00e3o e Transfer\u00eancia de Tecnologia \u2013 FORTEC. <\/p>\n<p><!--more--><\/p>\n<p> Criado em 1\u00ba de maio de 2006, \u00e9 um \u00f3rg\u00e3o de representa\u00e7\u00e3o dos respons\u00e1veis nas universidades e institutos de pesquisa pelo gerenciamento das pol\u00edticas de inova\u00e7\u00e3o e das atividades relacionadas \u00e0 propriedade intelectual e \u00e0 transfer\u00eancia de tecnologia, incluindo-se, neste conceito, os n\u00facleos, ag\u00eancias, escrit\u00f3rios e cong\u00eaneres.<\/p>\n<p> Para mais informa\u00e7\u00f5es acesse o site <a href=\"http:\/\/www.fortec-br.org\/\" target=\"_blank\" rel=\"noopener\">http:\/\/www.fortec-br.org<\/a>.<\/div>\n","protected":false},"excerpt":{"rendered":"<p>No dia 21 de outubro foi homologada a afilia\u00e7\u00e3o da UFRB no F\u00f3rum Nacional de Gestores de Inova\u00e7\u00e3o e Transfer\u00eancia de Tecnologia \u2013 FORTEC.<\/p>\n","protected":false},"author":1,"featured_media":0,"comment_status":"closed","ping_status":"closed","sticky":false,"template":"","format":"standard","meta":{"_acf_changed":false,"footnotes":""},"categories":[8],"tags":[],"class_list":["post-21388","post","type-post","status-publish","format-standard","hentry","category-noticias"],"acf":[],"_links":{"self":[{"href":"https:\/\/ufrb.edu.br\/portal\/wp-json\/wp\/v2\/posts\/21388","targetHints":{"allow":["GET"]}}],"collection":[{"href":"https:\/\/ufrb.edu.br\/portal\/wp-json\/wp\/v2\/posts"}],"about":[{"href":"https:\/\/ufrb.edu.br\/portal\/wp-json\/wp\/v2\/types\/post"}],"author":[{"embeddable":true,"href":"https:\/\/ufrb.edu.br\/portal\/wp-json\/wp\/v2\/users\/1"}],"replies":[{"embeddable":true,"href":"https:\/\/ufrb.edu.br\/portal\/wp-json\/wp\/v2\/comments?post=21388"}],"version-history":[{"count":0,"href":"https:\/\/ufrb.edu.br\/portal\/wp-json\/wp\/v2\/posts\/21388\/revisions"}],"wp:attachment":[{"href":"https:\/\/ufrb.edu.br\/portal\/wp-json\/wp\/v2\/media?parent=21388"}],"wp:term":[{"taxonomy":"category","embeddable":true,"href":"https:\/\/ufrb.edu.br\/portal\/wp-json\/wp\/v2\/categories?post=21388"},{"taxonomy":"post_tag","embeddable":true,"href":"https:\/\/ufrb.edu.br\/portal\/wp-json\/wp\/v2\/tags?post=21388"}],"curies":[{"name":"wp","href":"https:\/\/api.w.org\/{rel}","templated":true}]}}