{"id":21391,"date":"2008-11-04T18:35:59","date_gmt":"2008-11-04T18:35:59","guid":{"rendered":"https:\/\/ufrb.edu.br\/2008\/11\/04\/dia-0611-pre-matricula-de-engenharia-florestal\/"},"modified":"2008-11-04T18:35:59","modified_gmt":"2008-11-04T18:35:59","slug":"dia-0611-pre-matricula-de-engenharia-florestal","status":"publish","type":"post","link":"https:\/\/ufrb.edu.br\/portal\/noticias\/dia-0611-pre-matricula-de-engenharia-florestal\/","title":{"rendered":"Dia 06\/11 &#8211; Pr\u00e9-Matr\u00edcula de Engenharia Florestal"},"content":{"rendered":"<div style=\"text-align: justify\">A pr\u00e9-matr\u00edcula do curso de Engenharia Florestal est\u00e1 agendada para o dia 06\/11 de 14:00 \u00e0s 17:00 na Secretaria do CCAAB.<\/div>\n","protected":false},"excerpt":{"rendered":"<p>A pr\u00e9-matr\u00edcula do curso de Engenharia Florestal est\u00e1 agendada para o dia 06\/11 de 14:00 \u00e0s 17:00 na Secretaria do CCAAB.<\/p>\n","protected":false},"author":1,"featured_media":0,"comment_status":"closed","ping_status":"closed","sticky":false,"template":"","format":"standard","meta":{"_acf_changed":false,"footnotes":""},"categories":[8],"tags":[],"class_list":["post-21391","post","type-post","status-publish","format-standard","hentry","category-noticias"],"acf":[],"_links":{"self":[{"href":"https:\/\/ufrb.edu.br\/portal\/wp-json\/wp\/v2\/posts\/21391","targetHints":{"allow":["GET"]}}],"collection":[{"href":"https:\/\/ufrb.edu.br\/portal\/wp-json\/wp\/v2\/posts"}],"about":[{"href":"https:\/\/ufrb.edu.br\/portal\/wp-json\/wp\/v2\/types\/post"}],"author":[{"embeddable":true,"href":"https:\/\/ufrb.edu.br\/portal\/wp-json\/wp\/v2\/users\/1"}],"replies":[{"embeddable":true,"href":"https:\/\/ufrb.edu.br\/portal\/wp-json\/wp\/v2\/comments?post=21391"}],"version-history":[{"count":0,"href":"https:\/\/ufrb.edu.br\/portal\/wp-json\/wp\/v2\/posts\/21391\/revisions"}],"wp:attachment":[{"href":"https:\/\/ufrb.edu.br\/portal\/wp-json\/wp\/v2\/media?parent=21391"}],"wp:term":[{"taxonomy":"category","embeddable":true,"href":"https:\/\/ufrb.edu.br\/portal\/wp-json\/wp\/v2\/categories?post=21391"},{"taxonomy":"post_tag","embeddable":true,"href":"https:\/\/ufrb.edu.br\/portal\/wp-json\/wp\/v2\/tags?post=21391"}],"curies":[{"name":"wp","href":"https:\/\/api.w.org\/{rel}","templated":true}]}}