{"id":21431,"date":"2008-11-27T16:53:05","date_gmt":"2008-11-27T16:53:05","guid":{"rendered":"https:\/\/ufrb.edu.br\/2008\/11\/27\/mobilidade-estudantil-entre-ufrb-e-instituto-politecnico-de-braganca-foi-discutida-em-reuniao\/"},"modified":"2008-11-27T16:53:05","modified_gmt":"2008-11-27T16:53:05","slug":"mobilidade-estudantil-entre-ufrb-e-instituto-politecnico-de-braganca-foi-discutida-em-reuniao","status":"publish","type":"post","link":"https:\/\/ufrb.edu.br\/portal\/noticias\/mobilidade-estudantil-entre-ufrb-e-instituto-politecnico-de-braganca-foi-discutida-em-reuniao\/","title":{"rendered":"Mobilidade estudantil entre UFRB e Instituto Polit\u00e9cnico de Bragan\u00e7a come\u00e7a em 2009"},"content":{"rendered":"<div style=\"text-align: justify\" \/>A UFRB firmou Conv\u00eanio com o <a target=\"_blank\" href=\"http:\/\/www.ipb.pt\/\" rel=\"noopener\">IPB<\/a> &#8211; Instituto Polit\u00e9cnico de Bragan\u00e7a, em abril de 2008. Agora as duas institui\u00e7\u00f5es est\u00e3o finalizando os tr\u00e2mites para viabilizar a participa\u00e7\u00e3o de estudantes de gradua\u00e7\u00e3o e p\u00f3s-gradua\u00e7\u00e3o em atividade de interc\u00e2mbio. <\/p>\n<p><!--more--><\/p>\n<p>Na manh\u00e3 de 03 de dezembro, no audit\u00f3rio da <a target=\"_blank\" href=\"\/portal\/prppg\" rel=\"noopener\">PRPPG<\/a>, em Cruz das Almas, o Vice-Presidente do IPB, Professor Lu\u00eds S. Pais, fez uma apresenta\u00e7\u00e3o sobre os 40 cursos de gradua\u00e7\u00e3o e 26 cursos de mestrado que o IPB oferece; a estrutura da universidade; as parcerias que ela tem com pa\u00edses de l\u00edngua portuguesa; e quais universidades federais brasileiras j\u00e1 enviam estudantes para a institui\u00e7\u00e3o. Tamb\u00e9m explicou como vai funcionar a mobilidade acad\u00eamica entre a UFRB e o IPB.<\/div>\n<div style=\"text-align: justify\">Cada institui\u00e7\u00e3o poder\u00e1 enviar para a universidade parceira at\u00e9 dois estudantes por semestre, para cursos correlatos. As universidades se comprometem, pelo acordo, a garantir alojamento e alimenta\u00e7\u00e3o em restaurante universit\u00e1rio durante o per\u00edodo de funcionamento dos mesmos, nas respectivas institui\u00e7\u00f5es.<\/div>\n<div style=\"text-align: justify\">Em 2009 a UFRB deve receber dois estudantes portugueses e vai enviar o primeiro aluno para passar seis meses em Portugal: Ediclan Soares Machado, de Agronomia.<\/div>\n<div style=\"text-align: justify\">No caso de Portugal, Ediclan vai poder almo\u00e7ar e jantar de segunda a s\u00e1bado no RU do IPB. E no alojamento tem caf\u00e9 da manh\u00e3.  J\u00e1 as refei\u00e7\u00f5es de domingo ser\u00e3o por conta do estudante.<\/div>\n<div style=\"text-align: justify\">As universidades portuguesas t\u00eam um custo anual para os estudantes. Com o Conv\u00eanio, os estudantes brasileiros selecionados para o interc\u00e2mbio semestral n\u00e3o v\u00e3o precisar pagar nada.<\/div>\n<div style=\"text-align: justify\">Ediclan, que est\u00e1 indo como pioneiro desta modalidade, pleiteia um interc\u00e2mbio desde 2006, quando ainda era estudante da Escola de Agronomia da UFBA. Quando soube do Conv\u00eanio com o IPB, ele \u2018correu atr\u00e1s\u2019. Enviou pedido de aceite para o IPB, foi aceito e procurou organizar a documenta\u00e7\u00e3o para o interc\u00e2mbio, com a ajuda da Assessoria para Assuntos Internacionais da UFRB. Ele conta que demorou mais de quatro meses para tudo ficar pronto e deve iniciar o interc\u00e2mbio em mar\u00e7o de 2009.<\/div>\n<div style=\"text-align: justify\">A UFRB deve abrir edital para sele\u00e7\u00e3o de dois estudantes no in\u00edcio de 2009, que ser\u00e3o enviados em Setembro.<\/div>\n<div style=\"text-align: justify\">Para saber mais sobre os interc\u00e2mbios oferecidos pelo IPB, acesse <a target=\"_blank\" href=\"http:\/\/www.ipb.pt\/brasil\/\" rel=\"noopener\">www.ipb.pt\/brasil<\/a><\/p>\n<p><strong>Mobilidade com outras institui\u00e7\u00f5es<br \/><\/strong><br \/>Caso o estudante da UFRB tenha interesse em cursar at\u00e9 dois semestres em alguma universidade federal brasileira, \u00e9 preciso observar o calend\u00e1rio de pedido de mobilidade e se existem vagas no curso de seu interesse. A partir da\u00ed, buscar preencher os requisitos para o interc\u00e2mbio. A mobilidade estudantil est\u00e1 sendo incentivada pelo <a target=\"_blank\" href=\"\/portal\/reuni\" rel=\"noopener\">REUNI<\/a> e existe a previs\u00e3o de libera\u00e7\u00e3o de bolsas destinadas para custear o interc\u00e2mbio. Na UFRB, a Professora Andr\u00e9a Mendon\u00e7a \u00e9 a respons\u00e1vel pelas a\u00e7\u00f5es de incentivo \u00e0 mobilidade.<\/p>\n<div style=\"text-align: center\">{gallery}noticias\/portugal{\/gallery}<\/div>\n<\/div>\n","protected":false},"excerpt":{"rendered":"<p>A UFRB firmou Conv\u00eanio com o IPB &#8211; Instituto Polit\u00e9cnico de Bragan\u00e7a, em abril de 2008. Agora as duas institui\u00e7\u00f5es est\u00e3o finalizando os tr\u00e2mites para viabilizar a participa\u00e7\u00e3o de estudantes de gradua\u00e7\u00e3o e p\u00f3s-gradua\u00e7\u00e3o em atividade de interc\u00e2mbio.<\/p>\n","protected":false},"author":1,"featured_media":0,"comment_status":"closed","ping_status":"closed","sticky":false,"template":"","format":"standard","meta":{"_acf_changed":false,"footnotes":""},"categories":[8],"tags":[],"class_list":["post-21431","post","type-post","status-publish","format-standard","hentry","category-noticias"],"acf":[],"_links":{"self":[{"href":"https:\/\/ufrb.edu.br\/portal\/wp-json\/wp\/v2\/posts\/21431","targetHints":{"allow":["GET"]}}],"collection":[{"href":"https:\/\/ufrb.edu.br\/portal\/wp-json\/wp\/v2\/posts"}],"about":[{"href":"https:\/\/ufrb.edu.br\/portal\/wp-json\/wp\/v2\/types\/post"}],"author":[{"embeddable":true,"href":"https:\/\/ufrb.edu.br\/portal\/wp-json\/wp\/v2\/users\/1"}],"replies":[{"embeddable":true,"href":"https:\/\/ufrb.edu.br\/portal\/wp-json\/wp\/v2\/comments?post=21431"}],"version-history":[{"count":0,"href":"https:\/\/ufrb.edu.br\/portal\/wp-json\/wp\/v2\/posts\/21431\/revisions"}],"wp:attachment":[{"href":"https:\/\/ufrb.edu.br\/portal\/wp-json\/wp\/v2\/media?parent=21431"}],"wp:term":[{"taxonomy":"category","embeddable":true,"href":"https:\/\/ufrb.edu.br\/portal\/wp-json\/wp\/v2\/categories?post=21431"},{"taxonomy":"post_tag","embeddable":true,"href":"https:\/\/ufrb.edu.br\/portal\/wp-json\/wp\/v2\/tags?post=21431"}],"curies":[{"name":"wp","href":"https:\/\/api.w.org\/{rel}","templated":true}]}}