{"id":21819,"date":"2009-07-07T08:46:26","date_gmt":"2009-07-07T08:46:26","guid":{"rendered":"https:\/\/ufrb.edu.br\/2009\/07\/07\/o-cfp-realiza-palestras-sobre-financiamento-da-pesquisa-e-pos-graduacao-em-educacao-no-estado-da-bahia\/"},"modified":"2009-07-07T08:46:26","modified_gmt":"2009-07-07T08:46:26","slug":"o-cfp-realiza-palestras-sobre-financiamento-da-pesquisa-e-pos-graduacao-em-educacao-no-estado-da-bahia","status":"publish","type":"post","link":"https:\/\/ufrb.edu.br\/portal\/noticias\/o-cfp-realiza-palestras-sobre-financiamento-da-pesquisa-e-pos-graduacao-em-educacao-no-estado-da-bahia\/","title":{"rendered":"O CFP realiza palestras sobre Financiamento da Pesquisa e P\u00f3s-Gradua\u00e7\u00e3o em Educa\u00e7\u00e3o no Estado da Bahia"},"content":{"rendered":"<p>O Centro de Forma\u00e7\u00e3o de Professores &#8211; CFP, convida toda a comunidade acad\u00eamica para as seguintes Palestras: \u201cFinanciamento da Pesquisa em Educa\u00e7\u00e3o no Estado da Bahia\u201d e \u201cPerspectivas para a P\u00f3s-Gradua\u00e7\u00e3o em Educa\u00e7\u00e3o na Bahia\u201d. <\/p>\n<p>As palestras acontecer\u00e3o no dia 15 de julho, \u00e0s 10h e \u00e0s 14h respectivamente, no CFP em Amargosa\/Ba. <\/p>\n<p>O palestrante ser\u00e1 o Prof. Dr. Robert Verhine, Diretor Cient\u00edfico da Funda\u00e7\u00e3o de Amparo \u00e0 Pesquisa do Estado da Bahia &#8211; FAPESB.<\/p>\n","protected":false},"excerpt":{"rendered":"<p>O Centro de Forma\u00e7\u00e3o de Professores &#8211; CFP, convida toda a comunidade acad\u00eamica para as seguintes Palestras: \u201cFinanciamento da Pesquisa em Educa\u00e7\u00e3o no Estado da Bahia\u201d e \u201cPerspectivas para a P\u00f3s-Gradua\u00e7\u00e3o em Educa\u00e7\u00e3o na Bahia\u201d. As palestras acontecer\u00e3o no dia 15 de julho, \u00e0s 10h e \u00e0s 14h respectivamente, no CFP em Amargosa\/Ba. O palestrante [&hellip;]<\/p>\n","protected":false},"author":1,"featured_media":0,"comment_status":"closed","ping_status":"closed","sticky":false,"template":"","format":"standard","meta":{"_acf_changed":false,"footnotes":""},"categories":[8],"tags":[],"class_list":["post-21819","post","type-post","status-publish","format-standard","hentry","category-noticias"],"acf":[],"_links":{"self":[{"href":"https:\/\/ufrb.edu.br\/portal\/wp-json\/wp\/v2\/posts\/21819","targetHints":{"allow":["GET"]}}],"collection":[{"href":"https:\/\/ufrb.edu.br\/portal\/wp-json\/wp\/v2\/posts"}],"about":[{"href":"https:\/\/ufrb.edu.br\/portal\/wp-json\/wp\/v2\/types\/post"}],"author":[{"embeddable":true,"href":"https:\/\/ufrb.edu.br\/portal\/wp-json\/wp\/v2\/users\/1"}],"replies":[{"embeddable":true,"href":"https:\/\/ufrb.edu.br\/portal\/wp-json\/wp\/v2\/comments?post=21819"}],"version-history":[{"count":0,"href":"https:\/\/ufrb.edu.br\/portal\/wp-json\/wp\/v2\/posts\/21819\/revisions"}],"wp:attachment":[{"href":"https:\/\/ufrb.edu.br\/portal\/wp-json\/wp\/v2\/media?parent=21819"}],"wp:term":[{"taxonomy":"category","embeddable":true,"href":"https:\/\/ufrb.edu.br\/portal\/wp-json\/wp\/v2\/categories?post=21819"},{"taxonomy":"post_tag","embeddable":true,"href":"https:\/\/ufrb.edu.br\/portal\/wp-json\/wp\/v2\/tags?post=21819"}],"curies":[{"name":"wp","href":"https:\/\/api.w.org\/{rel}","templated":true}]}}