{"id":23975,"date":"2013-01-31T11:00:00","date_gmt":"2013-01-31T11:00:00","guid":{"rendered":"https:\/\/ufrb.edu.br\/2013\/01\/31\/ufrb-realiza-exposicao-de-seus-projetos-e-programas-de-extensao\/"},"modified":"2013-01-31T11:00:00","modified_gmt":"2013-01-31T11:00:00","slug":"ufrb-realiza-exposicao-de-seus-projetos-e-programas-de-extensao","status":"publish","type":"post","link":"https:\/\/ufrb.edu.br\/portal\/noticias\/ufrb-realiza-exposicao-de-seus-projetos-e-programas-de-extensao\/","title":{"rendered":"UFRB realiza exposi\u00e7\u00e3o de seus projetos e programas de extens\u00e3o"},"content":{"rendered":"<p>No per\u00edodo de 28 de janeiro a 08 de fevereiro, a Universidade Federal do Rec\u00f4ncavo da Bahia (UFRB) realiza a exposi\u00e7\u00e3o de seus projetos e programas de extens\u00e3o. O evento \u00e9 uma realiza\u00e7\u00e3o da Pr\u00f3-Reitoria de Extens\u00e3o (PROEXT), em parceria com os Gestores de Extens\u00e3o dos Centros de Ensino.<\/p>\n<p>A exposi\u00e7\u00e3o re\u00fane banners com o resumo e o registro fotogr\u00e1fico dos trabalhos de extens\u00e3o realizados atrav\u00e9s dos editais PIBEX e PROEXT MEC\/SESu 2011, com a\u00e7\u00f5es em 2012. S\u00e3o 48 projetos dos cinco Centros de Ensino da UFRB, nas \u00e1reas tem\u00e1ticas de sa\u00fade, educa\u00e7\u00e3o, meio ambiente, tecnologia e produ\u00e7\u00e3o, cultura, direitos humanos e justi\u00e7a, e trabalho. Para a pr\u00f3-reitora de Extens\u00e3o, professora Ana Rita Santiago, essa diversidade tem\u00e1tica sinaliza, a um s\u00f3 tempo, a abrang\u00eancia das pol\u00edticas de extens\u00e3o e a pertin\u00eancia da fun\u00e7\u00e3o social da Universidade.<span style=\"line-height: 1.3em\">&nbsp;<\/span><\/p>\n<p><img loading=\"lazy\" decoding=\"async\" class=\" alignright size-full wp-image-23974\" src=\"http:\/\/ufrb.edu.br\/wp-content\/uploads\/2013\/01\/20130130_compostagem-8c2.jpg\" width=\"350\" height=\"257\" alt=\"Pr\u00e1tica sobre compostagem em Cruz das Almas\" style=\"margin: 3px;float: right\" srcset=\"https:\/\/ufrb.edu.br\/portal\/wp-content\/uploads\/sites\/5\/2013\/01\/20130130_compostagem-8c2.jpg 350w, https:\/\/ufrb.edu.br\/portal\/wp-content\/uploads\/sites\/5\/2013\/01\/20130130_compostagem-8c2-300x220.jpg 300w\" sizes=\"auto, (max-width: 350px) 100vw, 350px\" \/>Estudantes e professores desenvolveram a\u00e7\u00f5es de extens\u00e3o universit\u00e1ria nas regi\u00f5es do Rec\u00f4ncavo, Vale do Jiquiri\u00e7\u00e1, Baixo Sul e Sisaleira. Os seus resultados podem ser conferidos em visita \u00e0 exposi\u00e7\u00e3o, que acontece de forma escalonada, por Centro de Ensino, de acordo com a seguinte programa\u00e7\u00e3o: de 28 de janeiro a 1\u00ba de fevereiro, nos Pavilh\u00f5es de Aulas I e II, campus Cruz das Almas, e Pavilh\u00e3o de Aulas, campus de Amargosa; e de 4 a 8 de fevereiro, nos Pavilh\u00f5es de Aulas, campi de Cachoeira e Santo Ant\u00f4nio de Jesus.<span style=\"line-height: 1.3em\">&nbsp;<\/span><\/p>\n<p><strong>Bolsas de Extens\u00e3o &#8211;<\/strong> O PROEX\/MEC\/SESu \u00e9 o Programa de Extens\u00e3o Universit\u00e1ria promovido pela Secretaria de Educa\u00e7\u00e3o Superior do Minist\u00e9rio da Educa\u00e7\u00e3o, com o objetivo de apoiar as institui\u00e7\u00f5es p\u00fablicas de ensino superior no desenvolvimento de programas e projetos de extens\u00e3o. O PIBEX \u00e9 o Programa Institucional de Bolsas de Extens\u00e3o, promovido pela Pr\u00f3-reitoria de Extens\u00e3o da UFRB e voltado aos estudantes de gradua\u00e7\u00e3o. Confira o <a href=\"https:\/\/ufrb.edu.br\/portal\/2008\/04\/04\/homenagem-ao-primeiro-servidor-tecnico-administrativo-aposentado-pela-ufrb\/\">edital de sele\u00e7\u00e3o de bolsistas do PIBEX 2013<\/a>.<\/p>\n<p><span style=\"line-height: 1.3em\">&nbsp;<\/span><\/p>\n<p>&nbsp;<\/p>\n","protected":false},"excerpt":{"rendered":"<p>No per\u00edodo de 28 de janeiro a 08 de fevereiro, a Universidade Federal do Rec\u00f4ncavo da Bahia (UFRB) realiza a exposi\u00e7\u00e3o de seus projetos e programas de extens\u00e3o. O evento \u00e9 uma realiza\u00e7\u00e3o da Pr\u00f3-Reitoria de Extens\u00e3o (PROEXT), em parceria com os Gestores de Extens\u00e3o dos Centros de Ensino. A exposi\u00e7\u00e3o re\u00fane banners com o [&hellip;]<\/p>\n","protected":false},"author":1,"featured_media":23973,"comment_status":"closed","ping_status":"closed","sticky":false,"template":"","format":"standard","meta":{"_acf_changed":false,"footnotes":""},"categories":[8],"tags":[],"class_list":["post-23975","post","type-post","status-publish","format-standard","has-post-thumbnail","hentry","category-noticias"],"acf":[],"_links":{"self":[{"href":"https:\/\/ufrb.edu.br\/portal\/wp-json\/wp\/v2\/posts\/23975","targetHints":{"allow":["GET"]}}],"collection":[{"href":"https:\/\/ufrb.edu.br\/portal\/wp-json\/wp\/v2\/posts"}],"about":[{"href":"https:\/\/ufrb.edu.br\/portal\/wp-json\/wp\/v2\/types\/post"}],"author":[{"embeddable":true,"href":"https:\/\/ufrb.edu.br\/portal\/wp-json\/wp\/v2\/users\/1"}],"replies":[{"embeddable":true,"href":"https:\/\/ufrb.edu.br\/portal\/wp-json\/wp\/v2\/comments?post=23975"}],"version-history":[{"count":0,"href":"https:\/\/ufrb.edu.br\/portal\/wp-json\/wp\/v2\/posts\/23975\/revisions"}],"wp:featuredmedia":[{"embeddable":true,"href":"https:\/\/ufrb.edu.br\/portal\/wp-json\/wp\/v2\/media\/23973"}],"wp:attachment":[{"href":"https:\/\/ufrb.edu.br\/portal\/wp-json\/wp\/v2\/media?parent=23975"}],"wp:term":[{"taxonomy":"category","embeddable":true,"href":"https:\/\/ufrb.edu.br\/portal\/wp-json\/wp\/v2\/categories?post=23975"},{"taxonomy":"post_tag","embeddable":true,"href":"https:\/\/ufrb.edu.br\/portal\/wp-json\/wp\/v2\/tags?post=23975"}],"curies":[{"name":"wp","href":"https:\/\/api.w.org\/{rel}","templated":true}]}}