{"id":29245,"date":"2020-05-27T13:14:55","date_gmt":"2020-05-27T13:14:55","guid":{"rendered":"https:\/\/ufrb.edu.br\/2020\/05\/27\/projeto-da-ufrb-cria-materiais-audiovisuais-para-colaborar-no-enfrentamento-da-pandemia\/"},"modified":"2020-05-27T13:14:55","modified_gmt":"2020-05-27T13:14:55","slug":"projeto-da-ufrb-cria-materiais-audiovisuais-para-colaborar-no-enfrentamento-da-pandemia","status":"publish","type":"post","link":"https:\/\/ufrb.edu.br\/portal\/noticias\/projeto-da-ufrb-cria-materiais-audiovisuais-para-colaborar-no-enfrentamento-da-pandemia\/","title":{"rendered":"Projeto da UFRB cria materiais audiovisuais para colaborar no enfrentamento da pandemia"},"content":{"rendered":"<p>O projeto de extens\u00e3o Vozes Unidas pela Vida, da Universidade Federal do Rec\u00f4ncavo da Bahia (UFRB), elaborou uma s\u00e9rie de materiais audiovisuais para propagar mensagens de pessoas atuantes em variados setores da sociedade visando tratar de aspectos vinculados \u00e0 pandemia que t\u00eam afetado a popula\u00e7\u00e3o.<\/p>\n<p>As mensagens s\u00e3o voltadas para variados p\u00fablicos e destacam aspectos que necessitam de aten\u00e7\u00e3o especial durante este per\u00edodo, tais como: mais amparo \u00e0s crian\u00e7as e idosos, motiva\u00e7\u00e3o aos estudantes da rede municipal e estadual que tiveram as aulas suspensas, aten\u00e7\u00e3o \u00e0s quest\u00f5es da viol\u00eancia dom\u00e9stica, mudan\u00e7as de h\u00e1bitos em rela\u00e7\u00e3o \u00e0s compras e outros temas que requerem mais reflex\u00e3o e empenho da sociedade.<\/p>\n<p>No per\u00edodo em que o n\u00famero de infectados tende a aumentar, as recomenda\u00e7\u00f5es de pessoas pr\u00f3ximas e participativas do dia a dia da popula\u00e7\u00e3o de Cachoeira e cidades vizinhas tem o objetivo de sensibilizar habitantes da zona rural e urbana e contribuir para motivar necess\u00e1rias mudan\u00e7as de comportamento. A prefeitura de Cachoeira formalizou parceria com o CAHL, disponibilizando hor\u00e1rios de carro de som, visando somar esfor\u00e7os para tentar diminuir o impacto da pandemia sobre a popula\u00e7\u00e3o.<\/p>\n<p>O projeto, idealizado e realizado pela professora Juciara Nogueira, coordenadora do Bacharelado em Publicidade e Propaganda, tem consultoria da gestora de Extens\u00e3o do Centro de Artes, Humanidades e Letras (CAHL), professora S\u00edlvia Pereira, que \u00e9 doutora em Sa\u00fade P\u00fablica e colabora\u00e7\u00e3o da diretora do CAHL, professora Dyane Brito. A soma de 20 vozes em material produzido \u00e0 dist\u00e2ncia contou com a colabora\u00e7\u00e3o do diretor de som do CAHL, Saulo Leal, respons\u00e1vel pela edi\u00e7\u00e3o dos podcasts e \u00e1udios para carro de som, com o trabalho de produ\u00e7\u00e3o do jornalista Ca\u00edque Fialho, que viabilizou a grava\u00e7\u00e3o de alguns \u00e1udios e v\u00eddeos e com a colabora\u00e7\u00e3o das locutoras Naiane Santos e da jornalista Elaine Concei\u00e7\u00e3o.<\/p>\n<p>Participaram deste projeto: Rosa Brito \u2013 coordenadora pedag\u00f3gica do Col\u00e9gio Estadual da Cachoeira, Padre H\u00e9lio Vilas Boas \u2013 p\u00e1roco da Par\u00f3quia de Cachoeira, Nara de An\u00e1lia \u2013 vendedora de quitutes h\u00e1 30 anos, Mestre Bala \u2013 m\u00fasico h\u00e1 mais de 30 anos, Rosilene Rodrigues Santos (Rose) \u2013 feirante h\u00e1 mais de 30 anos, Reverendo Cl\u00e1udio M\u00e1rcio Rebou\u00e7as da Silva (Rev. Cacau), Rom\u00e9lia Lima \u2013 professora da rede municipal e coordenadora do Grupo Cultural Ra\u00edzes do \u00c9bano, Jairo dos Santos \u2013 professor e maestro da Filarm\u00f4nica Lyra Ceciliana, Felipe Ramos, DJ e Mestre em Ci\u00eancias Sociais, Ca\u00edque Fialho, fot\u00f3grafo profissional e jornalista e Lise Lobo, jornalista e locutora.<\/p>\n<p>Este projeto tamb\u00e9m comporta a campanha realizada em parceria entre a UFRB e a Feira das Mulheres Negras de Cachoeira, contando com a participa\u00e7\u00e3o de Ana Placidino &#8211; educadora, Ekedji do Il\u00ea As\u00e9 Ifayabal\u00e9 J\u00e1 Kol\u00e9, coordenadora da Acbantu; &nbsp;B\u00e1rbara Nunes &#8211; presidente e artes\u00e3 da Associa\u00e7\u00e3o Chitarte; Consuelo Gon\u00e7alves &#8211; soci\u00f3loga e ativista do Movimento Negro e de Mulheres Negras; Ileyldes dos Santos Concei\u00e7\u00e3o (Soe) &#8211; presidente da Associa\u00e7\u00e3o de Feirantes do Mercado Municipal de Cachoeira; Mara da Ponte (Maria Abade) &#8211; presidente da Associa\u00e7\u00e3o da Comunidade Quilombola do Engenho da Ponte, respons\u00e1vel pela articula\u00e7\u00e3o de Mulheres Negras no Quilombo Engenho da Ponte e coordenadora da Frente Quilombola do Movimento dos Pequenos Agricultores da Bahia e Adriana Silva \u2013 que \u00e9 bacharel em Administra\u00e7\u00e3o de Empresas e uma das fundadoras da Feira e Cleide Moreira, secret\u00e1ria de Assist\u00eancia Social que faz parte da comiss\u00e3o gestora da Feira como atual representante da Prefeitura de Cachoeira.<\/p>\n<p>Confira os Podcasts:<\/p>\n<\/p>\n<p>Confira os V\u00eddeos:<\/p>\n<p>{youtube}e8LFXTiGEHE{\/youtube}<\/p>\n<p>{youtube}5OTpt6yhEeQ{\/youtube}<\/p>\n<p>{youtube}5cEZXUVoEC4{\/youtube}<\/p>\n<p>{youtube}bvOVDryhySY{\/youtube}<\/p>\n<p>{youtube}Ol5gY7tfIR0{\/youtube}<\/p>\n<p>{youtube}2EI0F-URR_A{\/youtube}<\/p>\n<p>{youtube}_ZrMcO9Yv2s{\/youtube}<\/p>\n<p>{youtube}1tdNXgw9yrM{\/youtube}<\/p>\n<p>{youtube}r8rdsFhjgo8{\/youtube}<\/p>\n<p>{youtube}dpQcaU7ZA5Q{\/youtube}<\/p>\n<p>{youtube}o0aa8cV4_nU{\/youtube}<\/p>\n<p><em>Com informa\u00e7\u00e3oes de Juciara Nogueira,&nbsp;coordenadora do Bacharelado em Publicidade e Propaganda da UFRB.<\/em><\/p>\n","protected":false},"excerpt":{"rendered":"<p>O projeto de extens\u00e3o Vozes Unidas pela Vida, da Universidade Federal do Rec\u00f4ncavo da Bahia (UFRB), elaborou uma s\u00e9rie de materiais audiovisuais para propagar mensagens de pessoas atuantes em variados setores da sociedade visando tratar de aspectos vinculados \u00e0 pandemia que t\u00eam afetado a popula\u00e7\u00e3o. As mensagens s\u00e3o voltadas para variados p\u00fablicos e destacam aspectos [&hellip;]<\/p>\n","protected":false},"author":1,"featured_media":29244,"comment_status":"closed","ping_status":"closed","sticky":false,"template":"","format":"standard","meta":{"_acf_changed":false,"footnotes":""},"categories":[8],"tags":[],"class_list":["post-29245","post","type-post","status-publish","format-standard","has-post-thumbnail","hentry","category-noticias"],"acf":[],"_links":{"self":[{"href":"https:\/\/ufrb.edu.br\/portal\/wp-json\/wp\/v2\/posts\/29245","targetHints":{"allow":["GET"]}}],"collection":[{"href":"https:\/\/ufrb.edu.br\/portal\/wp-json\/wp\/v2\/posts"}],"about":[{"href":"https:\/\/ufrb.edu.br\/portal\/wp-json\/wp\/v2\/types\/post"}],"author":[{"embeddable":true,"href":"https:\/\/ufrb.edu.br\/portal\/wp-json\/wp\/v2\/users\/1"}],"replies":[{"embeddable":true,"href":"https:\/\/ufrb.edu.br\/portal\/wp-json\/wp\/v2\/comments?post=29245"}],"version-history":[{"count":0,"href":"https:\/\/ufrb.edu.br\/portal\/wp-json\/wp\/v2\/posts\/29245\/revisions"}],"wp:featuredmedia":[{"embeddable":true,"href":"https:\/\/ufrb.edu.br\/portal\/wp-json\/wp\/v2\/media\/29244"}],"wp:attachment":[{"href":"https:\/\/ufrb.edu.br\/portal\/wp-json\/wp\/v2\/media?parent=29245"}],"wp:term":[{"taxonomy":"category","embeddable":true,"href":"https:\/\/ufrb.edu.br\/portal\/wp-json\/wp\/v2\/categories?post=29245"},{"taxonomy":"post_tag","embeddable":true,"href":"https:\/\/ufrb.edu.br\/portal\/wp-json\/wp\/v2\/tags?post=29245"}],"curies":[{"name":"wp","href":"https:\/\/api.w.org\/{rel}","templated":true}]}}