{"id":29336,"date":"2020-07-14T19:15:45","date_gmt":"2020-07-14T19:15:45","guid":{"rendered":"https:\/\/ufrb.edu.br\/2020\/07\/14\/confira-relacao-de-aprovados-para-ufrb-no-sisu-2020-2-pre-matricula-online-de-16-a-19-07\/"},"modified":"2020-07-14T19:15:45","modified_gmt":"2020-07-14T19:15:45","slug":"confira-relacao-de-aprovados-para-ufrb-no-sisu-2020-2-pre-matricula-online-de-16-a-19-07","status":"publish","type":"post","link":"https:\/\/ufrb.edu.br\/portal\/noticias\/confira-relacao-de-aprovados-para-ufrb-no-sisu-2020-2-pre-matricula-online-de-16-a-19-07\/","title":{"rendered":"Confira rela\u00e7\u00e3o de aprovados para UFRB no SISU 2020.2; pr\u00e9-matr\u00edcula online de 16 a 19\/07"},"content":{"rendered":"<p>Os estudantes que se inscreveram na edi\u00e7\u00e3o 2020.2 do Sistema de Sele\u00e7\u00e3o Unificada (Sisu) j\u00e1 podem conferir a rela\u00e7\u00e3o de aprovados para a Universidade Federal do Rec\u00f4ncavo da Bahia (UFRB). O&nbsp;<a href=\"http:\/\/ufrb.edu.br\/wp-content\/uploads\/2020\/07\/20200714152035_RESULTADO_DO_SISU_2020.2_-_CHAMADA_REGULAR-1f8.pdf\">resultado da sele\u00e7\u00e3o<\/a>&nbsp;foi divulgado pelo Minist\u00e9rio da Educa\u00e7\u00e3o nesta ter\u00e7a-feira, dia 14, na sua p\u00e1gina na internet (<a href=\"http:\/\/sisu.mec.gov.br\/\">sisu.mec.gov.br<\/a>).<\/p>\n<p>Os candidatos convocados devem providenciar a documenta\u00e7\u00e3o para a matr\u00edcula, que acontece em duas etapas. A pr\u00e9-matr\u00edcula ser\u00e1 online, no per\u00edodo de 16 a 19 de julho, no <a href=\"https:\/\/ufrb.edu.br\/portal\/component\/chronoforms5\/?chronoform=ver-prosel&amp;id=1102\">site de Processos Seletivos da UFRB<\/a>.&nbsp;J\u00e1 a confirma\u00e7\u00e3o de matr\u00edcula ser\u00e1 realizada no retorno das atividades acad\u00eamicas, em formato a ser definido conforme protocolos e medidas sanit\u00e1rias estabelecidas pela UFRB e demais autoridades da \u00e1rea de sa\u00fade.<\/p>\n<p>Os candidatos que optaram em concorrer \u00e0s vagas reservadas aos cotistas dever\u00e3o obrigatoriamente atender aos requisitos especificados em cada modalidade. Essa etapa tamb\u00e9m ser\u00e1&nbsp;realizada na ocasi\u00e3o do retorno das atividades acad\u00eamicas.<\/p>\n<p><strong>Lista de espera &#8211;&nbsp;<\/strong>As vagas eventualmente remanescentes do Sisu 2020.2, ap\u00f3s a chamada regular, ser\u00e3o preenchidas, prioritariamente, pelos candidatos que constarem na Lista de Espera. Para participar, os interessados devem confirmar no&nbsp;<a href=\"https:\/\/sisu.mec.gov.br\/#\/\">site do Sisu<\/a>&nbsp;o seu interesse pela vaga, no per\u00edodo de 14 a 21 de julho.<\/p>\n<p>O candidato poder\u00e1 manifestar interesse em apenas um dos cursos para o qual optou por concorrer nesta edi\u00e7\u00e3o do Sisu. N\u00e3o poder\u00e1 participar da Lista de Espera quem j\u00e1 foi convocado em uma das op\u00e7\u00f5es dos cursos escolhidos na chamada regular, independente de ter realizado sua matr\u00edcula.<\/p>\n<p>Confira o&nbsp;<a href=\"http:\/\/ufrb.edu.br\/wp-content\/uploads\/2020\/07\/20200714152035_RESULTADO_DO_SISU_2020.2_-_CHAMADA_REGULAR-1f8.pdf\">Resultado do Sisu 2020.2 &#8211; Chamada Regular<\/a>.<\/p>\n<p>Confira o&nbsp;<a href=\"http:\/\/ufrb.edu.br\/wp-content\/uploads\/2020\/07\/20200714152222_ANEXO_II_DO_EDITAL_PROGRAD_N_013.2020_-_SISU_2020.2-ddf.pdf\">ANEXO II do Edital PROGRAD N\u00ba 013\/2020 &#8211; Procedimentos referentes a pr\u00e9-matr\u00edcula, confirma\u00e7\u00e3o de matr\u00edcula e aferi\u00e7\u00f5es de defici\u00eancia, \u00e9tnico-racial e de renda<\/a>.<\/p>\n<p>Confira a&nbsp;<a href=\"https:\/\/ufrb.edu.br\/portal\/prosel\/documentos-para-matricula\">rela\u00e7\u00e3o de documentos para a matr\u00edcula<\/a>.<\/p>\n<p>D\u00favidas referentes \u00e0 pr\u00e9-matr\u00edcula e\/ou confirma\u00e7\u00e3o de matr\u00edcula dever\u00e3o ser encaminhadas ao N\u00facleo de Gest\u00e3o de Admiss\u00e3o, Cadastro e Arquivo Acad\u00eamico nos e-mails&nbsp;<a href=\"mailto:cadastro@surrac.ufrb.edu.br\">cadastro@surrac.ufrb.edu.br<\/a> e\/ou <a href=\"mailto:surrac@surrac.ufrb.edu.br.\">surrac@surrac.ufrb.edu.br<\/a>.<\/p>\n<p>D\u00favidas e informa\u00e7\u00f5es suplementares quanto ao processo seletivo poder\u00e3o ser respondidas pelo N\u00facleo de Gest\u00e3o de Processos Seletivos no e-mail&nbsp;<a href=\"mailto:prosel@prograd.ufrb.edu.br\">prosel@prograd.ufrb.edu.br<\/a>.<\/p>\n<p>Mais informa\u00e7\u00f5es no <a href=\"https:\/\/ufrb.edu.br\/portal\/component\/chronoforms5\/?chronoform=ver-prosel&amp;id=1102\">site de Processos Seletivos da UFRB<\/a>.<\/p>\n","protected":false},"excerpt":{"rendered":"<p>Os estudantes que se inscreveram na edi\u00e7\u00e3o 2020.2 do Sistema de Sele\u00e7\u00e3o Unificada (Sisu) j\u00e1 podem conferir a rela\u00e7\u00e3o de aprovados para a Universidade Federal do Rec\u00f4ncavo da Bahia (UFRB). O&nbsp;resultado da sele\u00e7\u00e3o&nbsp;foi divulgado pelo Minist\u00e9rio da Educa\u00e7\u00e3o nesta ter\u00e7a-feira, dia 14, na sua p\u00e1gina na internet (sisu.mec.gov.br). Os candidatos convocados devem providenciar a documenta\u00e7\u00e3o [&hellip;]<\/p>\n","protected":false},"author":1,"featured_media":29333,"comment_status":"closed","ping_status":"closed","sticky":false,"template":"","format":"standard","meta":{"_acf_changed":false,"footnotes":""},"categories":[8],"tags":[],"class_list":["post-29336","post","type-post","status-publish","format-standard","has-post-thumbnail","hentry","category-noticias"],"acf":[],"_links":{"self":[{"href":"https:\/\/ufrb.edu.br\/portal\/wp-json\/wp\/v2\/posts\/29336","targetHints":{"allow":["GET"]}}],"collection":[{"href":"https:\/\/ufrb.edu.br\/portal\/wp-json\/wp\/v2\/posts"}],"about":[{"href":"https:\/\/ufrb.edu.br\/portal\/wp-json\/wp\/v2\/types\/post"}],"author":[{"embeddable":true,"href":"https:\/\/ufrb.edu.br\/portal\/wp-json\/wp\/v2\/users\/1"}],"replies":[{"embeddable":true,"href":"https:\/\/ufrb.edu.br\/portal\/wp-json\/wp\/v2\/comments?post=29336"}],"version-history":[{"count":0,"href":"https:\/\/ufrb.edu.br\/portal\/wp-json\/wp\/v2\/posts\/29336\/revisions"}],"wp:featuredmedia":[{"embeddable":true,"href":"https:\/\/ufrb.edu.br\/portal\/wp-json\/wp\/v2\/media\/29333"}],"wp:attachment":[{"href":"https:\/\/ufrb.edu.br\/portal\/wp-json\/wp\/v2\/media?parent=29336"}],"wp:term":[{"taxonomy":"category","embeddable":true,"href":"https:\/\/ufrb.edu.br\/portal\/wp-json\/wp\/v2\/categories?post=29336"},{"taxonomy":"post_tag","embeddable":true,"href":"https:\/\/ufrb.edu.br\/portal\/wp-json\/wp\/v2\/tags?post=29336"}],"curies":[{"name":"wp","href":"https:\/\/api.w.org\/{rel}","templated":true}]}}