{"id":29347,"date":"2020-07-22T16:51:33","date_gmt":"2020-07-22T16:51:33","guid":{"rendered":"https:\/\/ufrb.edu.br\/2020\/07\/22\/ufrb-assina-nota-conjunta-para-manutencao-das-bolsas-fapesb-durante-o-periodo-de-pandemia\/"},"modified":"2020-07-22T16:51:33","modified_gmt":"2020-07-22T16:51:33","slug":"ufrb-assina-nota-conjunta-para-manutencao-das-bolsas-fapesb-durante-o-periodo-de-pandemia","status":"publish","type":"post","link":"https:\/\/ufrb.edu.br\/portal\/nota\/ufrb-assina-nota-conjunta-para-manutencao-das-bolsas-fapesb-durante-o-periodo-de-pandemia\/","title":{"rendered":"UFRB assina nota conjunta para manuten\u00e7\u00e3o das bolsas FAPESB durante o per\u00edodo de pandemia"},"content":{"rendered":"<p>A Pr\u00f3-Reitoria de Pesquisa, P\u00f3s-Gradua\u00e7\u00e3o, Cria\u00e7\u00e3o e Inova\u00e7\u00e3o (PPGCI) da Universidade Federal do Rec\u00f4ncavo da Bahia (UFRB), em conjunto com outras institui\u00e7\u00f5es de ensino, publicou uma nota acerca da manuten\u00e7\u00e3o das bolsas FAPESB durante o per\u00edodo de pandemia.<\/p>\n<p>Acesse o&nbsp;<a href=\"http:\/\/ufrb.edu.br\/wp-content\/uploads\/2020\/07\/Nota_acerca_da_manutencao_das_bolsas_Fapesb_20072020-b8a.pdf\">documento na \u00edntegra<\/a>.<\/p>\n","protected":false},"excerpt":{"rendered":"<p>A Pr\u00f3-Reitoria de Pesquisa, P\u00f3s-Gradua\u00e7\u00e3o, Cria\u00e7\u00e3o e Inova\u00e7\u00e3o (PPGCI) da Universidade Federal do Rec\u00f4ncavo da Bahia (UFRB), em conjunto com outras institui\u00e7\u00f5es de ensino, publicou uma nota acerca da manuten\u00e7\u00e3o das bolsas FAPESB durante o per\u00edodo de pandemia. Acesse o&nbsp;documento na \u00edntegra.<\/p>\n","protected":false},"author":1,"featured_media":29345,"comment_status":"closed","ping_status":"closed","sticky":false,"template":"","format":"standard","meta":{"_acf_changed":false,"footnotes":""},"categories":[7,8],"tags":[],"class_list":["post-29347","post","type-post","status-publish","format-standard","has-post-thumbnail","hentry","category-nota","category-noticias"],"acf":[],"_links":{"self":[{"href":"https:\/\/ufrb.edu.br\/portal\/wp-json\/wp\/v2\/posts\/29347","targetHints":{"allow":["GET"]}}],"collection":[{"href":"https:\/\/ufrb.edu.br\/portal\/wp-json\/wp\/v2\/posts"}],"about":[{"href":"https:\/\/ufrb.edu.br\/portal\/wp-json\/wp\/v2\/types\/post"}],"author":[{"embeddable":true,"href":"https:\/\/ufrb.edu.br\/portal\/wp-json\/wp\/v2\/users\/1"}],"replies":[{"embeddable":true,"href":"https:\/\/ufrb.edu.br\/portal\/wp-json\/wp\/v2\/comments?post=29347"}],"version-history":[{"count":0,"href":"https:\/\/ufrb.edu.br\/portal\/wp-json\/wp\/v2\/posts\/29347\/revisions"}],"wp:featuredmedia":[{"embeddable":true,"href":"https:\/\/ufrb.edu.br\/portal\/wp-json\/wp\/v2\/media\/29345"}],"wp:attachment":[{"href":"https:\/\/ufrb.edu.br\/portal\/wp-json\/wp\/v2\/media?parent=29347"}],"wp:term":[{"taxonomy":"category","embeddable":true,"href":"https:\/\/ufrb.edu.br\/portal\/wp-json\/wp\/v2\/categories?post=29347"},{"taxonomy":"post_tag","embeddable":true,"href":"https:\/\/ufrb.edu.br\/portal\/wp-json\/wp\/v2\/tags?post=29347"}],"curies":[{"name":"wp","href":"https:\/\/api.w.org\/{rel}","templated":true}]}}