{"id":29379,"date":"2020-07-31T06:53:45","date_gmt":"2020-07-31T06:53:45","guid":{"rendered":"https:\/\/ufrb.edu.br\/2020\/07\/31\/ufrb-seleciona-tutores-para-curso-de-formacao-docente-em-tecnologias-digitais\/"},"modified":"2020-07-31T06:53:45","modified_gmt":"2020-07-31T06:53:45","slug":"ufrb-seleciona-tutores-para-curso-de-formacao-docente-em-tecnologias-digitais","status":"publish","type":"post","link":"https:\/\/ufrb.edu.br\/portal\/noticias\/ufrb-seleciona-tutores-para-curso-de-formacao-docente-em-tecnologias-digitais\/","title":{"rendered":"UFRB seleciona tutores para curso de Forma\u00e7\u00e3o Docente em Tecnologias Digitais"},"content":{"rendered":"<p>A Universidade Federal do Rec\u00f4ncavo da Bahia (UFRB)&nbsp;<a href=\"https:\/\/ufrb.edu.br\/portal\/component\/chronoforms5\/?chronoform=ver-concurso&amp;id=401&amp;fbclid=IwAR3EuHPyIOhLyxeqRu8TkDpiAxYjtucf0IKrXb0RsMxsnRdIiXKgqcPvZPE\">abre sele\u00e7\u00e3o de tutores para atuarem temporariamente na Educa\u00e7\u00e3o a Dist\u00e2ncia<\/a>. O processo seletivo visa a forma\u00e7\u00e3o de cadastro de reserva para atua\u00e7\u00e3o de tutores EaD no&nbsp;curso de Forma\u00e7\u00e3o Docente em Tecnologias Digitais.<\/p>\n<p>A inscri\u00e7\u00e3o dever\u00e1 ser feita at\u00e9 o dia 05 de agosto pr\u00f3ximo, na <a href=\"https:\/\/ufrb.edu.br\/portal\/2007\/12\/20\/saiba-como-foi-o-debate-no-cahl-com-o-tema-venezuela-e-bolivia-crise-ou-esperanca\/\">p\u00e1gina de concursos da UFRB<\/a>.&nbsp;O processo seletivo em quest\u00e3o n\u00e3o gera qualquer v\u00ednculo empregat\u00edcio com a UFRB, seja ele de natureza estatut\u00e1ria ou celetista, sendo de car\u00e1ter tempor\u00e1rio na qualidade de bolsista e podendo ser rompido a qualquer tempo.<\/p>\n<p>O tutor dever\u00e1 cumprir dez horas semanais de atividades realizadas a dist\u00e2ncia junto \u00e0 coordena\u00e7\u00e3o do curso. O valor da bolsa \u00e9 de R$ 765,00 (setecentos e sessenta e cinco reais), concedido para atua\u00e7\u00e3o em atividades t\u00edpicas de tutoria.<\/p>\n<p>D\u00favidas e informa\u00e7\u00f5es sobre a sele\u00e7\u00e3o dever\u00e3o ser obtidas exclusivamente pelo e-mail:&nbsp;<a href=\"mailto:selecaotutoriaead@progep.ufrb.edu.br\">selecaotutoriaead@progep.ufrb.edu.br<\/a>.<\/p>\n<p>Confira o&nbsp;<span><a href=\"http:\/\/ufrb.edu.br\/wp-content\/uploads\/2020\/07\/20200720171131_EDITAL_TUTORIA_EAD_01-2020-55e.pdf\">Edital Tutoria EAD N\u00ba 01\/2020<\/a>&nbsp;e a <a href=\"http:\/\/ufrb.edu.br\/wp-content\/uploads\/2020\/07\/20200729191921_RETIFICAO_1_-_EDITAL_TUTORIA_EAD_01-2020_ASSINADO-157.pdf\">Retifica\u00e7\u00e3o N\u00ba 01<\/a>.<\/span><\/p>\n<p>Mais informa\u00e7\u00f5es no <a href=\"https:\/\/ufrb.edu.br\/portal\/2007\/12\/20\/saiba-como-foi-o-debate-no-cahl-com-o-tema-venezuela-e-bolivia-crise-ou-esperanca\/\">site de concursos da UFRB<\/a>.<\/p>\n","protected":false},"excerpt":{"rendered":"<p>A Universidade Federal do Rec\u00f4ncavo da Bahia (UFRB)&nbsp;abre sele\u00e7\u00e3o de tutores para atuarem temporariamente na Educa\u00e7\u00e3o a Dist\u00e2ncia. O processo seletivo visa a forma\u00e7\u00e3o de cadastro de reserva para atua\u00e7\u00e3o de tutores EaD no&nbsp;curso de Forma\u00e7\u00e3o Docente em Tecnologias Digitais. A inscri\u00e7\u00e3o dever\u00e1 ser feita at\u00e9 o dia 05 de agosto pr\u00f3ximo, na p\u00e1gina de [&hellip;]<\/p>\n","protected":false},"author":1,"featured_media":28661,"comment_status":"closed","ping_status":"closed","sticky":false,"template":"","format":"standard","meta":{"_acf_changed":false,"footnotes":""},"categories":[8],"tags":[],"class_list":["post-29379","post","type-post","status-publish","format-standard","has-post-thumbnail","hentry","category-noticias"],"acf":[],"_links":{"self":[{"href":"https:\/\/ufrb.edu.br\/portal\/wp-json\/wp\/v2\/posts\/29379","targetHints":{"allow":["GET"]}}],"collection":[{"href":"https:\/\/ufrb.edu.br\/portal\/wp-json\/wp\/v2\/posts"}],"about":[{"href":"https:\/\/ufrb.edu.br\/portal\/wp-json\/wp\/v2\/types\/post"}],"author":[{"embeddable":true,"href":"https:\/\/ufrb.edu.br\/portal\/wp-json\/wp\/v2\/users\/1"}],"replies":[{"embeddable":true,"href":"https:\/\/ufrb.edu.br\/portal\/wp-json\/wp\/v2\/comments?post=29379"}],"version-history":[{"count":0,"href":"https:\/\/ufrb.edu.br\/portal\/wp-json\/wp\/v2\/posts\/29379\/revisions"}],"wp:featuredmedia":[{"embeddable":true,"href":"https:\/\/ufrb.edu.br\/portal\/wp-json\/wp\/v2\/media\/28661"}],"wp:attachment":[{"href":"https:\/\/ufrb.edu.br\/portal\/wp-json\/wp\/v2\/media?parent=29379"}],"wp:term":[{"taxonomy":"category","embeddable":true,"href":"https:\/\/ufrb.edu.br\/portal\/wp-json\/wp\/v2\/categories?post=29379"},{"taxonomy":"post_tag","embeddable":true,"href":"https:\/\/ufrb.edu.br\/portal\/wp-json\/wp\/v2\/tags?post=29379"}],"curies":[{"name":"wp","href":"https:\/\/api.w.org\/{rel}","templated":true}]}}