{"id":29383,"date":"2020-08-04T12:04:28","date_gmt":"2020-08-04T12:04:28","guid":{"rendered":"https:\/\/ufrb.edu.br\/2020\/08\/04\/ufrb-lamenta-falecimento-do-professor-santamarense-jorge-portugal\/"},"modified":"2020-08-04T12:04:28","modified_gmt":"2020-08-04T12:04:28","slug":"ufrb-lamenta-falecimento-do-professor-santamarense-jorge-portugal","status":"publish","type":"post","link":"https:\/\/ufrb.edu.br\/portal\/noticias\/ufrb-lamenta-falecimento-do-professor-santamarense-jorge-portugal\/","title":{"rendered":"UFRB lamenta falecimento do professor santamarense Jorge Portugal"},"content":{"rendered":"<p>A Universidade Federal do Rec\u00f4ncavo da Bahia (UFRB) manifesta o seu profundo pesar pelo falecimento de Jorge Portugal, aos 63 anos, na \u00faltima ter\u00e7a-feira (03).<\/p>\n<p>Jorge nasceu no Rec\u00f4ncavo, em Santo Amaro, foi&nbsp;professor de l\u00edngua portuguesa, letrista, poeta, compositor, apresentador e Secret\u00e1rio de Cultura da Bahia entre 2015 e 2017. Teve papel fundamental na defesa da cultura e da educa\u00e7\u00e3o. Participou ativamente da cria\u00e7\u00e3o da UFRB, tendo seu nome grafado no projeto como representante do munic\u00edpio de Santo Amaro.<\/p>\n<p>Ao registrarmos nossas condol\u00eancias, manifestamos apoio e solidariedade aos amigos e familiares.<\/p>\n","protected":false},"excerpt":{"rendered":"<p>A Universidade Federal do Rec\u00f4ncavo da Bahia (UFRB) manifesta o seu profundo pesar pelo falecimento de Jorge Portugal, aos 63 anos, na \u00faltima ter\u00e7a-feira (03). Jorge nasceu no Rec\u00f4ncavo, em Santo Amaro, foi&nbsp;professor de l\u00edngua portuguesa, letrista, poeta, compositor, apresentador e Secret\u00e1rio de Cultura da Bahia entre 2015 e 2017. Teve papel fundamental na defesa [&hellip;]<\/p>\n","protected":false},"author":1,"featured_media":28145,"comment_status":"closed","ping_status":"closed","sticky":false,"template":"","format":"standard","meta":{"_acf_changed":false,"footnotes":""},"categories":[8],"tags":[],"class_list":["post-29383","post","type-post","status-publish","format-standard","has-post-thumbnail","hentry","category-noticias"],"acf":[],"_links":{"self":[{"href":"https:\/\/ufrb.edu.br\/portal\/wp-json\/wp\/v2\/posts\/29383","targetHints":{"allow":["GET"]}}],"collection":[{"href":"https:\/\/ufrb.edu.br\/portal\/wp-json\/wp\/v2\/posts"}],"about":[{"href":"https:\/\/ufrb.edu.br\/portal\/wp-json\/wp\/v2\/types\/post"}],"author":[{"embeddable":true,"href":"https:\/\/ufrb.edu.br\/portal\/wp-json\/wp\/v2\/users\/1"}],"replies":[{"embeddable":true,"href":"https:\/\/ufrb.edu.br\/portal\/wp-json\/wp\/v2\/comments?post=29383"}],"version-history":[{"count":0,"href":"https:\/\/ufrb.edu.br\/portal\/wp-json\/wp\/v2\/posts\/29383\/revisions"}],"wp:featuredmedia":[{"embeddable":true,"href":"https:\/\/ufrb.edu.br\/portal\/wp-json\/wp\/v2\/media\/28145"}],"wp:attachment":[{"href":"https:\/\/ufrb.edu.br\/portal\/wp-json\/wp\/v2\/media?parent=29383"}],"wp:term":[{"taxonomy":"category","embeddable":true,"href":"https:\/\/ufrb.edu.br\/portal\/wp-json\/wp\/v2\/categories?post=29383"},{"taxonomy":"post_tag","embeddable":true,"href":"https:\/\/ufrb.edu.br\/portal\/wp-json\/wp\/v2\/tags?post=29383"}],"curies":[{"name":"wp","href":"https:\/\/api.w.org\/{rel}","templated":true}]}}