{"id":29401,"date":"2020-08-13T12:03:09","date_gmt":"2020-08-13T12:03:09","guid":{"rendered":"https:\/\/ufrb.edu.br\/2020\/08\/13\/ufrb-realiza-formacao-em-tecnologias-digitais-para-comunidade-academica\/"},"modified":"2020-08-13T12:03:09","modified_gmt":"2020-08-13T12:03:09","slug":"ufrb-realiza-formacao-em-tecnologias-digitais-para-comunidade-academica","status":"publish","type":"post","link":"https:\/\/ufrb.edu.br\/portal\/noticias\/ufrb-realiza-formacao-em-tecnologias-digitais-para-comunidade-academica\/","title":{"rendered":"UFRB realiza forma\u00e7\u00e3o em tecnologias digitais para comunidade acad\u00eamica"},"content":{"rendered":"<p><img loading=\"lazy\" decoding=\"async\" class=\" alignright size-full wp-image-29400\" src=\"http:\/\/ufrb.edu.br\/wp-content\/uploads\/2020\/08\/programa-sead-whats-62f.png\" alt=\"\" align=\"right\" width=\"1000\" height=\"1000\" srcset=\"https:\/\/ufrb.edu.br\/portal\/wp-content\/uploads\/sites\/5\/2020\/08\/programa-sead-whats-62f.png 1000w, https:\/\/ufrb.edu.br\/portal\/wp-content\/uploads\/sites\/5\/2020\/08\/programa-sead-whats-62f-300x300.png 300w, https:\/\/ufrb.edu.br\/portal\/wp-content\/uploads\/sites\/5\/2020\/08\/programa-sead-whats-62f-150x150.png 150w, https:\/\/ufrb.edu.br\/portal\/wp-content\/uploads\/sites\/5\/2020\/08\/programa-sead-whats-62f-768x768.png 768w\" sizes=\"auto, (max-width: 1000px) 100vw, 1000px\" \/><\/p>\n<p>Com o in\u00edcio do <a href=\"https:\/\/ufrb.edu.br\/portal\/2020\/08\/12\/ufrb-aprova-calendario-suplementar-com-aulas-nao-presenciais\/\">Calend\u00e1rio Acad\u00eamico Suplementar<\/a> no dia 14 de setembro, a Universidade Federal do Rec\u00f4ncavo da Bahia (UFRB) retoma as atividades dos cursos de gradua\u00e7\u00e3o por meio de plataformas digitais. Para auxiliar docentes, t\u00e9cnicos administrativos e discentes da Institui\u00e7\u00e3o, a&nbsp;Pr\u00f3-Reitoria de Gradua\u00e7\u00e3o (PROGRAD), a&nbsp;Pr\u00f3-Reitoria de Pesquisa, P\u00f3s-Gradua\u00e7\u00e3o, Cria\u00e7\u00e3o e Inova\u00e7\u00e3o (PPGCI)&nbsp;e a&nbsp;Superintend\u00eancia de Educa\u00e7\u00e3o Aberta e a Dist\u00e2ncia (SEAD) criaram o <a href=\"https:\/\/www2.ufrb.edu.br\/ead\/formacao-tecnologias-digitais\">Programa Forma\u00e7\u00e3o em Tecnologias Digitais<\/a>, de forma a ampliar as compet\u00eancias digitais da comunidade acad\u00eamica.<\/p>\n<p>A abertura oficial do Programa ocorreu ontem (12), com a <a href=\"https:\/\/www.youtube.com\/watch?v=6ZcRhnzqVJ8\">transmiss\u00e3o ao vivo do Webin\u00e1rio Formativo \u201cMetodologia Did\u00e1tica Online\u201d<\/a>, ministrado pela professora&nbsp;Dinamara P. Machado (Uninter). Al\u00e9m de webin\u00e1rios formativos, ser\u00e3o ofertados cursos e oficinas. As atividades ser\u00e3o transmitidas e disponibilizadas no <a href=\"https:\/\/www.youtube.com\/c\/SEADUFRB\/\">canal do Youtube da SEAD<\/a>.<\/p>\n<p>As inscri\u00e7\u00f5es devem ser realizadas para cada atividade por meio de <a href=\"https:\/\/www2.ufrb.edu.br\/ead\/formacao-tecnologias-digitais\">formul\u00e1rio eletr\u00f4nico no site da SEAD<\/a>. Ao t\u00e9rmino da atividade ser\u00e1 disponibilizado certifica\u00e7\u00e3o digital de conclus\u00e3o aos participantes. Os certificados ser\u00e3o <a href=\"http:\/\/certificados.ufrb.edu.br\/proext\/certificados\/listaPublica\">emitidos pela Pr\u00f3-Reitoria de Extens\u00e3o (PROEXT)<\/a>.<\/p>\n<p>Confira o <a href=\"https:\/\/www2.ufrb.edu.br\/ead\/formacao-tecnologias-digitais\">calend\u00e1rio do&nbsp;Programa Forma\u00e7\u00e3o em Tecnologias Digitais<\/a>.<\/p>\n<p>Realize a <a href=\"https:\/\/www2.ufrb.edu.br\/ead\/formacao-tecnologias-digitais\">inscri\u00e7\u00e3o nas atividades do&nbsp;Programa Forma\u00e7\u00e3o em Tecnologias Digitais<\/a>.<\/p>\n","protected":false},"excerpt":{"rendered":"<p>Com o in\u00edcio do Calend\u00e1rio Acad\u00eamico Suplementar no dia 14 de setembro, a Universidade Federal do Rec\u00f4ncavo da Bahia (UFRB) retoma as atividades dos cursos de gradua\u00e7\u00e3o por meio de plataformas digitais. Para auxiliar docentes, t\u00e9cnicos administrativos e discentes da Institui\u00e7\u00e3o, a&nbsp;Pr\u00f3-Reitoria de Gradua\u00e7\u00e3o (PROGRAD), a&nbsp;Pr\u00f3-Reitoria de Pesquisa, P\u00f3s-Gradua\u00e7\u00e3o, Cria\u00e7\u00e3o e Inova\u00e7\u00e3o (PPGCI)&nbsp;e a&nbsp;Superintend\u00eancia de [&hellip;]<\/p>\n","protected":false},"author":1,"featured_media":29399,"comment_status":"closed","ping_status":"closed","sticky":false,"template":"","format":"standard","meta":{"_acf_changed":false,"footnotes":""},"categories":[8],"tags":[],"class_list":["post-29401","post","type-post","status-publish","format-standard","has-post-thumbnail","hentry","category-noticias"],"acf":[],"_links":{"self":[{"href":"https:\/\/ufrb.edu.br\/portal\/wp-json\/wp\/v2\/posts\/29401","targetHints":{"allow":["GET"]}}],"collection":[{"href":"https:\/\/ufrb.edu.br\/portal\/wp-json\/wp\/v2\/posts"}],"about":[{"href":"https:\/\/ufrb.edu.br\/portal\/wp-json\/wp\/v2\/types\/post"}],"author":[{"embeddable":true,"href":"https:\/\/ufrb.edu.br\/portal\/wp-json\/wp\/v2\/users\/1"}],"replies":[{"embeddable":true,"href":"https:\/\/ufrb.edu.br\/portal\/wp-json\/wp\/v2\/comments?post=29401"}],"version-history":[{"count":0,"href":"https:\/\/ufrb.edu.br\/portal\/wp-json\/wp\/v2\/posts\/29401\/revisions"}],"wp:featuredmedia":[{"embeddable":true,"href":"https:\/\/ufrb.edu.br\/portal\/wp-json\/wp\/v2\/media\/29399"}],"wp:attachment":[{"href":"https:\/\/ufrb.edu.br\/portal\/wp-json\/wp\/v2\/media?parent=29401"}],"wp:term":[{"taxonomy":"category","embeddable":true,"href":"https:\/\/ufrb.edu.br\/portal\/wp-json\/wp\/v2\/categories?post=29401"},{"taxonomy":"post_tag","embeddable":true,"href":"https:\/\/ufrb.edu.br\/portal\/wp-json\/wp\/v2\/tags?post=29401"}],"curies":[{"name":"wp","href":"https:\/\/api.w.org\/{rel}","templated":true}]}}