{"id":29426,"date":"2020-08-27T17:43:00","date_gmt":"2020-08-27T17:43:00","guid":{"rendered":"https:\/\/ufrb.edu.br\/2020\/08\/27\/ufrb-lanca-guia-de-perguntas-e-respostas-sobre-o-calendario-academico-suplementar\/"},"modified":"2020-08-27T17:43:00","modified_gmt":"2020-08-27T17:43:00","slug":"ufrb-lanca-guia-de-perguntas-e-respostas-sobre-o-calendario-academico-suplementar","status":"publish","type":"post","link":"https:\/\/ufrb.edu.br\/portal\/noticias\/ufrb-lanca-guia-de-perguntas-e-respostas-sobre-o-calendario-academico-suplementar\/","title":{"rendered":"UFRB lan\u00e7a guia de perguntas e respostas sobre o Calend\u00e1rio Acad\u00eamico Suplementar"},"content":{"rendered":"<p><img loading=\"lazy\" decoding=\"async\" class=\" alignright size-full wp-image-29424\" src=\"http:\/\/ufrb.edu.br\/wp-content\/uploads\/2020\/08\/guia-calendario-suplementar-ufrb-noticia-f4b.png\" alt=\"\" align=\"right\" width=\"370\" height=\"525\" srcset=\"https:\/\/ufrb.edu.br\/portal\/wp-content\/uploads\/sites\/5\/2020\/08\/guia-calendario-suplementar-ufrb-noticia-f4b.png 370w, https:\/\/ufrb.edu.br\/portal\/wp-content\/uploads\/sites\/5\/2020\/08\/guia-calendario-suplementar-ufrb-noticia-f4b-211x300.png 211w\" sizes=\"auto, (max-width: 370px) 100vw, 370px\" \/><\/p>\n<p>A Pr\u00f3-Reitoria de Gradua\u00e7\u00e3o (PROGRAD) da Universidade Federal do Rec\u00f4ncavo da Bahia (UFRB) lan\u00e7ou o <a href=\"http:\/\/ufrb.edu.br\/wp-content\/uploads\/2020\/08\/guia-calendario-suplementar-ufrb-3e2.pdf\">Guia de Perguntas e Respostas Sobre o Calend\u00e1rio Acad\u00eamico Suplementar &#8211; Semestre 2020.3<\/a>.&nbsp;O material digital cont\u00e9m perguntas e respostas sobre as principais d\u00favidas quanto ao ensino no formato remoto.<\/p>\n<p>O in\u00edcio das aulas do Semestre 2020.3 est\u00e1 previsto para o dia 14 de setembro com finaliza\u00e7\u00e3o em 19 de dezembro de 2020. As matr\u00edculas ser\u00e3o realizadas de 08 a 10 de setembro. Os estudantes poder\u00e3o se matricular em at\u00e9 tr\u00eas componentes curriculares, al\u00e9m do Trabalho de Conclus\u00e3o de Curso (TCC) por meio do&nbsp;<a href=\"https:\/\/sistemas.ufrb.edu.br\/sigaa\/public\/\">Sistema Integrado de Gest\u00e3o de Atividades Acad\u00eamicas (SIGAA)<\/a>.<\/p>\n<p><strong>Programa Forma\u00e7\u00e3o em Tecnologias Digitais<\/strong><\/p>\n<p>De forma a ampliar as compet\u00eancias digitais da comunidade acad\u00eamica, a UFRB est\u00e1 ofertando webin\u00e1rios formativos e cursos espec\u00edficos para docentes, t\u00e9cnicos administrativos e discentes.&nbsp;As inscri\u00e7\u00f5es devem ser realizadas para cada atividade por meio de&nbsp;<a href=\"https:\/\/www2.ufrb.edu.br\/ead\/formacao-tecnologias-digitais\">formul\u00e1rio eletr\u00f4nico no site da Superintend\u00eancia de Educa\u00e7\u00e3o Aberta e a Dist\u00e2ncia (SEAD)<\/a>.<\/p>\n<p>Confira o&nbsp;<a href=\"http:\/\/ufrb.edu.br\/wp-content\/uploads\/2020\/08\/guia-calendario-suplementar-ufrb-3e2.pdf\">Guia de Perguntas e Respostas Sobre o Calend\u00e1rio Acad\u00eamico Suplementar<\/a>.<\/p>\n<p>Confira o&nbsp;<a href=\"https:\/\/ufrb.edu.br\/soc\/components\/com_chronoforms5\/chronoforms\/uploads\/documento\/20200812155815_resolucao-conac-ufrb-19-2020.pdf\">Calend\u00e1rio Acad\u00eamico Suplementar para a Gradua\u00e7\u00e3o<\/a>.<\/p>\n","protected":false},"excerpt":{"rendered":"<p>A Pr\u00f3-Reitoria de Gradua\u00e7\u00e3o (PROGRAD) da Universidade Federal do Rec\u00f4ncavo da Bahia (UFRB) lan\u00e7ou o Guia de Perguntas e Respostas Sobre o Calend\u00e1rio Acad\u00eamico Suplementar &#8211; Semestre 2020.3.&nbsp;O material digital cont\u00e9m perguntas e respostas sobre as principais d\u00favidas quanto ao ensino no formato remoto. O in\u00edcio das aulas do Semestre 2020.3 est\u00e1 previsto para o [&hellip;]<\/p>\n","protected":false},"author":1,"featured_media":29423,"comment_status":"closed","ping_status":"closed","sticky":false,"template":"","format":"standard","meta":{"_acf_changed":false,"footnotes":""},"categories":[8],"tags":[],"class_list":["post-29426","post","type-post","status-publish","format-standard","has-post-thumbnail","hentry","category-noticias"],"acf":[],"_links":{"self":[{"href":"https:\/\/ufrb.edu.br\/portal\/wp-json\/wp\/v2\/posts\/29426","targetHints":{"allow":["GET"]}}],"collection":[{"href":"https:\/\/ufrb.edu.br\/portal\/wp-json\/wp\/v2\/posts"}],"about":[{"href":"https:\/\/ufrb.edu.br\/portal\/wp-json\/wp\/v2\/types\/post"}],"author":[{"embeddable":true,"href":"https:\/\/ufrb.edu.br\/portal\/wp-json\/wp\/v2\/users\/1"}],"replies":[{"embeddable":true,"href":"https:\/\/ufrb.edu.br\/portal\/wp-json\/wp\/v2\/comments?post=29426"}],"version-history":[{"count":0,"href":"https:\/\/ufrb.edu.br\/portal\/wp-json\/wp\/v2\/posts\/29426\/revisions"}],"wp:featuredmedia":[{"embeddable":true,"href":"https:\/\/ufrb.edu.br\/portal\/wp-json\/wp\/v2\/media\/29423"}],"wp:attachment":[{"href":"https:\/\/ufrb.edu.br\/portal\/wp-json\/wp\/v2\/media?parent=29426"}],"wp:term":[{"taxonomy":"category","embeddable":true,"href":"https:\/\/ufrb.edu.br\/portal\/wp-json\/wp\/v2\/categories?post=29426"},{"taxonomy":"post_tag","embeddable":true,"href":"https:\/\/ufrb.edu.br\/portal\/wp-json\/wp\/v2\/tags?post=29426"}],"curies":[{"name":"wp","href":"https:\/\/api.w.org\/{rel}","templated":true}]}}