{"id":29448,"date":"2020-09-03T16:54:45","date_gmt":"2020-09-03T16:54:45","guid":{"rendered":"https:\/\/ufrb.edu.br\/2020\/09\/03\/ufrb-divulga-editais-de-apoio-a-inclusao-digital-para-aulas-do-calendario-suplementar\/"},"modified":"2020-09-03T16:54:45","modified_gmt":"2020-09-03T16:54:45","slug":"ufrb-divulga-editais-de-apoio-a-inclusao-digital-para-aulas-do-calendario-suplementar","status":"publish","type":"post","link":"https:\/\/ufrb.edu.br\/portal\/noticias\/ufrb-divulga-editais-de-apoio-a-inclusao-digital-para-aulas-do-calendario-suplementar\/","title":{"rendered":"UFRB divulga editais de apoio \u00e0 inclus\u00e3o digital para aulas do Calend\u00e1rio Suplementar"},"content":{"rendered":"<p><img loading=\"lazy\" decoding=\"async\" class=\" alignright size-full wp-image-29447\" src=\"http:\/\/ufrb.edu.br\/wp-content\/uploads\/2020\/09\/inclusao-noticia-2b4.png\" alt=\"\" align=\"right\" width=\"1000\" height=\"1000\" srcset=\"https:\/\/ufrb.edu.br\/portal\/wp-content\/uploads\/sites\/5\/2020\/09\/inclusao-noticia-2b4.png 1000w, https:\/\/ufrb.edu.br\/portal\/wp-content\/uploads\/sites\/5\/2020\/09\/inclusao-noticia-2b4-300x300.png 300w, https:\/\/ufrb.edu.br\/portal\/wp-content\/uploads\/sites\/5\/2020\/09\/inclusao-noticia-2b4-150x150.png 150w, https:\/\/ufrb.edu.br\/portal\/wp-content\/uploads\/sites\/5\/2020\/09\/inclusao-noticia-2b4-768x768.png 768w\" sizes=\"auto, (max-width: 1000px) 100vw, 1000px\" \/><\/p>\n<p>Com a finalidade de possibilitar a participa\u00e7\u00e3o dos estudantes nas atividades remotas ofertadas no Calend\u00e1rio Acad\u00eamico Suplementar, semestre 2020.3, a Universidade Federal do Rec\u00f4ncavo da Bahia (UFRB), por meio de sua Pr\u00f3-Reitoria de Pol\u00edticas Afirmativas e Assuntos Estudantis (PROPAAE), divulga o <a href=\"https:\/\/www.ufrb.edu.br\/propaae\/documentos\/category\/72-editais-2020?download=951:edital-003-2020-apoio-a-inclusao-digital-conectividade-rnp-mec\">Edital de Apoio \u00e0 Inclus\u00e3o Digital: Conectividade<\/a> e o&nbsp;<a href=\"https:\/\/www.ufrb.edu.br\/propaae\/documentos\/category\/72-editais-2020?download=952:edital-004-2020-auxilio-emergencial-de-apoio-a-inclusao-digital\">Edital de Aux\u00edlio Emergencial de Inclus\u00e3o Digital: Equipamentos e Manuten\u00e7\u00e3o<\/a>.<\/p>\n<p>O p\u00fablico-alvo s\u00e3o estudantes da gradua\u00e7\u00e3o em situa\u00e7\u00e3o de vulnerabilidade socioecon\u00f4mica devidamente comprovada, que n\u00e3o possuam condi\u00e7\u00f5es de conectividade adequadas e equipamentos necess\u00e1rios para o acesso \u00e0 internet. As inscri\u00e7\u00f5es devem ser realizadas no per\u00edodo de 09 a 18 de setembro, com o preenchimento do Formul\u00e1rio de Inscri\u00e7\u00e3o e do Question\u00e1rio Socioecon\u00f4mico, disponibilizados no <a href=\"https:\/\/www.ufrb.edu.br\/propaae\">site da PROPAAE<\/a>.<\/p>\n<p><strong>Apoio para acesso \u00e0 internet<\/strong><\/p>\n<p>O <a href=\"https:\/\/www.ufrb.edu.br\/propaae\/documentos\/category\/72-editais-2020?download=951:edital-003-2020-apoio-a-inclusao-digital-conectividade-rnp-mec\">Edital de Apoio \u00e0 Inclus\u00e3o Digital \u2013 Conectividade<\/a> tem por objetivo apoiar o acesso \u00e0 internet, por meio de fornecimento de pacote de dados m\u00f3veis (chips). Ser\u00e3o ofertadas at\u00e9 4.813 vagas, podendo este n\u00famero ser ampliado de acordo com a demanda e disponibilidade de recurso complementar da Universidade.<\/p>\n<p>O chip fornecido n\u00e3o possui franquia de voz ou SMS. Seu uso \u00e9 exclusivo para dados, visando o acompanhamento e participa\u00e7\u00e3o em atividades remotas promovidas pela institui\u00e7\u00e3o, devido \u00e0 pandemia do novo Coronav\u00edrus. O pacote de dados m\u00f3veis ter\u00e1 dura\u00e7\u00e3o estimada de seis meses, podendo ser alterada ou prorrogada de acordo com o per\u00edodo de contrata\u00e7\u00e3o da presta\u00e7\u00e3o de servi\u00e7o com a RNP. O pacote de dados (chip) concedido ao estudante aprovado \u00e9 pessoal, tempor\u00e1rio e intransfer\u00edvel. Caso o estudante interrompa o curso, o pacote de dados m\u00f3veis ser\u00e1 automaticamente cancelado.<\/p>\n<p>A a\u00e7\u00e3o, inserida no Projeto \u201cAlunos Conectados\u201d &#8211; RNP\/MEC, \u00e9 subsidiada pelo Minist\u00e9rio da Educa\u00e7\u00e3o (MEC), atrav\u00e9s da Secretaria de Educa\u00e7\u00e3o Superior (SESU) e da Secretaria de Educa\u00e7\u00e3o Profissional e Tecnol\u00f3gica (SETEC), e coordenada pela Rede Nacional de Ensino e Pesquisa (RNP), a quem cabe a aquisi\u00e7\u00e3o dos chips.<\/p>\n<p><strong>Aux\u00edlio para aquisi\u00e7\u00e3o e manuten\u00e7\u00e3o de equipamentos<\/strong><\/p>\n<p>O <a href=\"https:\/\/www.ufrb.edu.br\/propaae\/documentos\/category\/72-editais-2020?download=952:edital-004-2020-auxilio-emergencial-de-apoio-a-inclusao-digital\">Edital de Aux\u00edlio Emergencial de Inclus\u00e3o Digital: Equipamentos e Manuten\u00e7\u00e3o<\/a>&nbsp;destina-se \u00e0 concess\u00e3o de aux\u00edlios, em parcela \u00fanica, no valor de R$ 1.200,00 para complementa\u00e7\u00e3o e apoio na aquisi\u00e7\u00e3o, manuten\u00e7\u00e3o e melhorias de equipamentos computadores de inform\u00e1tica, tais como computador de mesa, notebook, cromebook, tablet ou incremento e reposi\u00e7\u00e3o\/substitui\u00e7\u00e3o destes aparelhos.<\/p>\n<p>Com financiamento de recursos proveniente do Programa Nacional de Assist\u00eancia Estudantil (PNAES), ser\u00e3o ofertadas 625 vagas, a serem distribu\u00eddas entre os diferentes Centros de Ensino, proporcionalmente ao quantitativo de estudantes matriculados no semestre 2020.3. \u00c9 vedada a participa\u00e7\u00e3o nesta modalidade de aux\u00edlio de discentes com percentual de integraliza\u00e7\u00e3o do curso igual ou superior a 80% da carga hor\u00e1ria. Tamb\u00e9m n\u00e3o ser\u00e1 permitida por este edital a compra de smartphones ou similares. Os selecionados ter\u00e3o o prazo de 30 dias ap\u00f3s recebimento do benef\u00edcio para realizar a presta\u00e7\u00e3o de contas dos gastos.&nbsp;<\/p>\n<p>Estudantes inscritos no Edital de Apoio \u00e0 Inclus\u00e3o Digital \u2013 Conectividade podem concorrer ao Edital de Aux\u00edlio Emergencial de Inclus\u00e3o Digital: Equipamentos e Manuten\u00e7\u00e3o. O resultado ser\u00e1 divulgado no site <a href=\"http:\/\/www.ufrb.edu.br\/propaae\">ufrb.edu.br\/propaae<\/a>.<\/p>\n<p>Confira os editais na \u00edntegra:<\/p>\n<p><a href=\"https:\/\/www.ufrb.edu.br\/propaae\/documentos\/category\/72-editais-2020?download=951:edital-003-2020-apoio-a-inclusao-digital-conectividade-rnp-mec\">Edital n\u00ba 003\/2020 &#8211; Apoio \u00e0 Inclus\u00e3o Digital: Conectividade<\/a>.<\/p>\n<p><a href=\"https:\/\/www.ufrb.edu.br\/propaae\/documentos\/category\/72-editais-2020?download=952:edital-004-2020-auxilio-emergencial-de-apoio-a-inclusao-digital\">Edital n\u00ba 004\/2020 &#8211; Aux\u00edlio Emergencial de Inclus\u00e3o Digital: Equipamentos e Manuten\u00e7\u00e3o<\/a>.<\/p>\n<p>Inscri\u00e7\u00f5es:<\/p>\n<p><a href=\"https:\/\/www.ufrb.edu.br\/propaae\/editais-e-selecoes\/965-lancamento-do-edital-de-apoio-a-inclusao-digital-conectividade-rnp-mec\">Edital n\u00ba 003\/2020 &#8211; Apoio \u00e0 Inclus\u00e3o Digital: Conectividade<\/a><\/p>\n<p><a href=\"https:\/\/www.ufrb.edu.br\/propaae\/editais-e-selecoes\/966-lancamento-do-edital-para-auxilio-emergencial-de-apoio-a-inclusao-digital\">Edital n\u00ba 004\/2020 &#8211; Aux\u00edlio Emergencial de Inclus\u00e3o Digital: Equipamentos e Manuten\u00e7\u00e3o<\/a><\/p>\n","protected":false},"excerpt":{"rendered":"<p>Com a finalidade de possibilitar a participa\u00e7\u00e3o dos estudantes nas atividades remotas ofertadas no Calend\u00e1rio Acad\u00eamico Suplementar, semestre 2020.3, a Universidade Federal do Rec\u00f4ncavo da Bahia (UFRB), por meio de sua Pr\u00f3-Reitoria de Pol\u00edticas Afirmativas e Assuntos Estudantis (PROPAAE), divulga o Edital de Apoio \u00e0 Inclus\u00e3o Digital: Conectividade e o&nbsp;Edital de Aux\u00edlio Emergencial de Inclus\u00e3o [&hellip;]<\/p>\n","protected":false},"author":1,"featured_media":29446,"comment_status":"closed","ping_status":"closed","sticky":false,"template":"","format":"standard","meta":{"_acf_changed":false,"footnotes":""},"categories":[8],"tags":[],"class_list":["post-29448","post","type-post","status-publish","format-standard","has-post-thumbnail","hentry","category-noticias"],"acf":[],"_links":{"self":[{"href":"https:\/\/ufrb.edu.br\/portal\/wp-json\/wp\/v2\/posts\/29448","targetHints":{"allow":["GET"]}}],"collection":[{"href":"https:\/\/ufrb.edu.br\/portal\/wp-json\/wp\/v2\/posts"}],"about":[{"href":"https:\/\/ufrb.edu.br\/portal\/wp-json\/wp\/v2\/types\/post"}],"author":[{"embeddable":true,"href":"https:\/\/ufrb.edu.br\/portal\/wp-json\/wp\/v2\/users\/1"}],"replies":[{"embeddable":true,"href":"https:\/\/ufrb.edu.br\/portal\/wp-json\/wp\/v2\/comments?post=29448"}],"version-history":[{"count":0,"href":"https:\/\/ufrb.edu.br\/portal\/wp-json\/wp\/v2\/posts\/29448\/revisions"}],"wp:featuredmedia":[{"embeddable":true,"href":"https:\/\/ufrb.edu.br\/portal\/wp-json\/wp\/v2\/media\/29446"}],"wp:attachment":[{"href":"https:\/\/ufrb.edu.br\/portal\/wp-json\/wp\/v2\/media?parent=29448"}],"wp:term":[{"taxonomy":"category","embeddable":true,"href":"https:\/\/ufrb.edu.br\/portal\/wp-json\/wp\/v2\/categories?post=29448"},{"taxonomy":"post_tag","embeddable":true,"href":"https:\/\/ufrb.edu.br\/portal\/wp-json\/wp\/v2\/tags?post=29448"}],"curies":[{"name":"wp","href":"https:\/\/api.w.org\/{rel}","templated":true}]}}