{"id":29515,"date":"2020-10-15T08:18:58","date_gmt":"2020-10-15T08:18:58","guid":{"rendered":"https:\/\/ufrb.edu.br\/2020\/10\/15\/ufrb-tem-tres-projetos-selecionados-no-edital-do-agroresidencia\/"},"modified":"2020-10-15T08:18:58","modified_gmt":"2020-10-15T08:18:58","slug":"ufrb-tem-tres-projetos-selecionados-no-edital-do-agroresidencia","status":"publish","type":"post","link":"https:\/\/ufrb.edu.br\/portal\/noticias\/ufrb-tem-tres-projetos-selecionados-no-edital-do-agroresidencia\/","title":{"rendered":"UFRB tem tr\u00eas projetos selecionados no edital do AgroResid\u00eancia"},"content":{"rendered":"<p><img loading=\"lazy\" decoding=\"async\" class=\" alignright size-full wp-image-29514\" src=\"http:\/\/ufrb.edu.br\/wp-content\/uploads\/2020\/10\/agricultura21-b0e.png\" alt=\"\" align=\"right\" width=\"1000\" height=\"1000\" srcset=\"https:\/\/ufrb.edu.br\/portal\/wp-content\/uploads\/sites\/5\/2020\/10\/agricultura21-b0e.png 1000w, https:\/\/ufrb.edu.br\/portal\/wp-content\/uploads\/sites\/5\/2020\/10\/agricultura21-b0e-300x300.png 300w, https:\/\/ufrb.edu.br\/portal\/wp-content\/uploads\/sites\/5\/2020\/10\/agricultura21-b0e-150x150.png 150w, https:\/\/ufrb.edu.br\/portal\/wp-content\/uploads\/sites\/5\/2020\/10\/agricultura21-b0e-768x768.png 768w\" sizes=\"auto, (max-width: 1000px) 100vw, 1000px\" \/><\/p>\n<p>A Universidade Federal do Rec\u00f4ncavo da Bahia (UFRB) teve tr\u00eas de seus projetos aprovados pelo Minist\u00e9rio da Agricultura, Pecu\u00e1ria e Abastecimento (MAPA), para participar do Edital do Programa de Resid\u00eancia Profissional Agr\u00edcola (AgroResid\u00eancia), que financia atividades direcionadas \u00e0 qualifica\u00e7\u00e3o t\u00e9cnica de estudantes e rec\u00e9m-egressos dos cursos de ci\u00eancias agr\u00e1rias e \u00e1reas afins.<\/p>\n<p>As propostas foram enviadas por Institui\u00e7\u00f5es de Ensino de 23 estados e do Distrito Federal e selecionadas pela Secretaria de Agricultura Familiar e Cooperativismo (SAF) do MAPA.<\/p>\n<p>Entre as 34 propostas de projeto vencedoras do Nordeste tr\u00eas s\u00e3o da UFRB, vinculadas ao Centro de Ci\u00eancias Agr\u00e1rias, Ambientais e Biol\u00f3gicas (CCAAB).<\/p>\n<p>As propostas aprovadas da UFRB s\u00e3o de Resid\u00eancia Profissional Agr\u00edcola em Associa\u00e7\u00f5es e Cooperativas da Agricultura Familiar Vinculadas \u00e0 FETRAF \u2013BA; Coopera\u00e7\u00e3o Interinstitucional Visando \u00e0 Forma\u00e7\u00e3o Acad\u00eamica e de Rec\u00e9m-Formados dos Cursos de Ci\u00eancias Agr\u00e1rias do Rec\u00f4ncavo da Bahia; e Qualifica\u00e7\u00e3o profissional de jovens das ci\u00eancias agr\u00e1rias: produ\u00e7\u00e3o e comercializa\u00e7\u00e3o de alimentos e empreendimentos da agricultura familiar no estado da Bahia.<\/p>\n<p><strong>Atividades<\/strong><\/p>\n<p>Os projetos aprovados no edital ser\u00e3o respons\u00e1veis por desenvolver, com os jovens residentes, estudantes ou rec\u00e9m-egressos dos cursos de ci\u00eancias agr\u00e1rias e afins, atividades pr\u00e1ticas dentro das fun\u00e7\u00f5es ligadas \u00e0 respectiva forma\u00e7\u00e3o, sob supervis\u00e3o e acompanhamento de profissional t\u00e9cnico habilitado com forma\u00e7\u00e3o na \u00e1rea de atua\u00e7\u00e3o.&nbsp;<\/p>\n<p>Para financiar os projetos aprovados, durante o per\u00edodo m\u00e1ximo de dois anos,&nbsp;o governo federal destinou R$ 17,1 milh\u00f5es para o programa de resid\u00eancia profissional. Os recursos poder\u00e3o ser usados no custeio de bolsa no valor R$ 1.200, para alunos de curso superior. A carga hor\u00e1ria de trabalho dos residentes ser\u00e1 de 40 horas semanais.&nbsp;<\/p>\n<p>Outra possibilidade \u00e9 o custeio de bolsa para professor orientador, que corresponder\u00e1 ao valor de R$ 200 por orientado. Cada professor dever\u00e1 orientar entre cinco (m\u00ednimo) e dez (m\u00e1ximo) residentes, sendo assim, a bolsa pode variar de R$ 1 mil a R$ 2 mil.&nbsp;<\/p>\n<p>Os recursos tamb\u00e9m poder\u00e3o custear a participa\u00e7\u00e3o dos residentes, professor orientador, t\u00e9cnico orientador e de colaboradores eventuais em reuni\u00f5es, oficinas, semin\u00e1rios, congressos e afins.&nbsp;<\/p>\n","protected":false},"excerpt":{"rendered":"<p>A Universidade Federal do Rec\u00f4ncavo da Bahia (UFRB) teve tr\u00eas de seus projetos aprovados pelo Minist\u00e9rio da Agricultura, Pecu\u00e1ria e Abastecimento (MAPA), para participar do Edital do Programa de Resid\u00eancia Profissional Agr\u00edcola (AgroResid\u00eancia), que financia atividades direcionadas \u00e0 qualifica\u00e7\u00e3o t\u00e9cnica de estudantes e rec\u00e9m-egressos dos cursos de ci\u00eancias agr\u00e1rias e \u00e1reas afins. As propostas foram [&hellip;]<\/p>\n","protected":false},"author":1,"featured_media":29513,"comment_status":"closed","ping_status":"closed","sticky":false,"template":"","format":"standard","meta":{"_acf_changed":false,"footnotes":""},"categories":[8],"tags":[],"class_list":["post-29515","post","type-post","status-publish","format-standard","has-post-thumbnail","hentry","category-noticias"],"acf":[],"_links":{"self":[{"href":"https:\/\/ufrb.edu.br\/portal\/wp-json\/wp\/v2\/posts\/29515","targetHints":{"allow":["GET"]}}],"collection":[{"href":"https:\/\/ufrb.edu.br\/portal\/wp-json\/wp\/v2\/posts"}],"about":[{"href":"https:\/\/ufrb.edu.br\/portal\/wp-json\/wp\/v2\/types\/post"}],"author":[{"embeddable":true,"href":"https:\/\/ufrb.edu.br\/portal\/wp-json\/wp\/v2\/users\/1"}],"replies":[{"embeddable":true,"href":"https:\/\/ufrb.edu.br\/portal\/wp-json\/wp\/v2\/comments?post=29515"}],"version-history":[{"count":0,"href":"https:\/\/ufrb.edu.br\/portal\/wp-json\/wp\/v2\/posts\/29515\/revisions"}],"wp:featuredmedia":[{"embeddable":true,"href":"https:\/\/ufrb.edu.br\/portal\/wp-json\/wp\/v2\/media\/29513"}],"wp:attachment":[{"href":"https:\/\/ufrb.edu.br\/portal\/wp-json\/wp\/v2\/media?parent=29515"}],"wp:term":[{"taxonomy":"category","embeddable":true,"href":"https:\/\/ufrb.edu.br\/portal\/wp-json\/wp\/v2\/categories?post=29515"},{"taxonomy":"post_tag","embeddable":true,"href":"https:\/\/ufrb.edu.br\/portal\/wp-json\/wp\/v2\/tags?post=29515"}],"curies":[{"name":"wp","href":"https:\/\/api.w.org\/{rel}","templated":true}]}}