{"id":29521,"date":"2020-10-22T13:29:45","date_gmt":"2020-10-22T13:29:45","guid":{"rendered":"https:\/\/ufrb.edu.br\/2020\/10\/22\/programa-de-radio-produzido-por-estudantes-da-ufrb-ganha-premio-de-arte-e-educacao\/"},"modified":"2020-10-22T13:29:45","modified_gmt":"2020-10-22T13:29:45","slug":"programa-de-radio-produzido-por-estudantes-da-ufrb-ganha-premio-de-arte-e-educacao","status":"publish","type":"post","link":"https:\/\/ufrb.edu.br\/portal\/noticias\/programa-de-radio-produzido-por-estudantes-da-ufrb-ganha-premio-de-arte-e-educacao\/","title":{"rendered":"Programa de r\u00e1dio produzido por estudantes da UFRB ganha pr\u00eamio de Arte e Educa\u00e7\u00e3o"},"content":{"rendered":"<p><img loading=\"lazy\" decoding=\"async\" class=\" alignright size-full wp-image-29519\" src=\"http:\/\/ufrb.edu.br\/wp-content\/uploads\/2020\/10\/20201022_de-hoje-a-oito-67b.jpg\" alt=\"\" align=\"right\" width=\"300\" height=\"300\" srcset=\"https:\/\/ufrb.edu.br\/portal\/wp-content\/uploads\/sites\/5\/2020\/10\/20201022_de-hoje-a-oito-67b.jpg 300w, https:\/\/ufrb.edu.br\/portal\/wp-content\/uploads\/sites\/5\/2020\/10\/20201022_de-hoje-a-oito-67b-150x150.jpg 150w\" sizes=\"auto, (max-width: 300px) 100vw, 300px\" \/><\/p>\n<p>Texto de Nina Rahe<\/p>\n<p>Em 2018, quando Eduarda Gama Canto e Andressa dos Prazeres buscavam patroc\u00ednio para lan\u00e7ar o primeiro livro de Tianalva Silva, Entre o Rio e a Pra\u00e7a, as duas perceberam que o esfor\u00e7o todo que estavam fazendo para viabilizar a impress\u00e3o e a circula\u00e7\u00e3o do livro seria em v\u00e3o se nomes como o da escritora cachoeirana continuassem desconhecidos na cena liter\u00e1ria. Foi a partir dessa percep\u00e7\u00e3o que elas come\u00e7aram a articular o programa de r\u00e1dio De Hoje a Oito, vencedor do 3o Pr\u00eamio seLecT de Arte e Educa\u00e7\u00e3o na categoria Formador \u2013 o nome do projeto se deve \u00e0 express\u00e3o popular na cidade de Cachoeira (BA) para se referir \u00e0 semana que vem.<\/p>\n<p>Eduarda, que \u00e9 estudante de artes na Universidade Federal do Rec\u00f4ncavo da Bahia (UFRB), e Andressa, pesquisadora e roteirista com forma\u00e7\u00e3o em letras pela USP, juntaram-se tamb\u00e9m Let\u00edcia Catete, formada em letras pela UFRJ, Edelsio Lima, estudante de artes na UFRB, e o designer Danilo Amaral. \u201cTodos n\u00f3s temos esse fio de rela\u00e7\u00e3o com a literatura. A gente l\u00ea bastante, escreve tamb\u00e9m e tem epis\u00f3dios, inclusive, em que colocamos escritos nossos\u201d, diz Eduarda Gama Canto.<\/p>\n<p>Sem contar com nenhum tipo de verba, os cinco conseguiram tirar a ideia do papel por meio de uma parceria com a r\u00e1dio-poste Olha a Pititinga. O programa liter\u00e1rio passou a ir ao ar todas as quintas-feiras, \u00e0s 17h45, durante os 15 minutos que antecediam a transmiss\u00e3o da Ave Maria. O desafio foi pensar em como atrair o p\u00fablico para algo que seria transmitido no meio da cidade e ouvido por pessoas em tr\u00e2nsito, que estariam saindo do trabalho, desmontando a feira ou esperando para se reunir nos bares com os amigos. \u201cNossa primeira percep\u00e7\u00e3o foi de que n\u00e3o dava para fazer um programa muito longo e pesado porque ningu\u00e9m iria ouvir\u201d, diz Eduarda. \u201cQuer\u00edamos construir um conte\u00fado mais din\u00e2mico e fomos elencando o que seria importante, como saber como era o processo criativo de cada autor, al\u00e9m de leituras textuais com intera\u00e7\u00f5es sonoras.\u201d<\/p>\n<figure><img loading=\"lazy\" decoding=\"async\" class=\" size-full wp-image-29520\" src=\"http:\/\/ufrb.edu.br\/wp-content\/uploads\/2020\/10\/20201022_equipe_radio-26d.jpg\" alt=\"\" width=\"746\" height=\"392\" srcset=\"https:\/\/ufrb.edu.br\/portal\/wp-content\/uploads\/sites\/5\/2020\/10\/20201022_equipe_radio-26d.jpg 746w, https:\/\/ufrb.edu.br\/portal\/wp-content\/uploads\/sites\/5\/2020\/10\/20201022_equipe_radio-26d-300x158.jpg 300w\" sizes=\"auto, (max-width: 746px) 100vw, 746px\" \/><figcaption>Equipe do podcast De Hoje a 8 (Foto: Divulga\u00e7\u00e3o)<\/figcaption><\/figure>\n<p><strong>Fora do C\u00e2none<\/strong><\/p>\n<p>Os 28 epis\u00f3dios que foram ao ar, de acordo com os idealizadores, \u201cpriorizavam a literatura fora do eixo geogr\u00e1fico, racial e econ\u00f4mico canonizado pela elite intelectual que consagra sempre as mesmas narrativas de masculinidade, branquitude e classe m\u00e9dia urbana\u201d. Um dos epis\u00f3dios, dedicado ao escritor David Nunes, contou com a leitura do conto Um Mal\u00ea na Vida, uma hist\u00f3ria de uma fam\u00edlia negra e suas estrat\u00e9gias de supera\u00e7\u00e3o da morte. Outro trouxe as hist\u00f3rias de Orix\u00e1s contadas pelo artista Bule-Bule em versos de cordel.<\/p>\n<p>O projeto, que come\u00e7ou apenas na r\u00e1dio-poste, logo passou a ser disponibilizado em formato podcast \u2013 todos est\u00e3o no Spotify \u2013, mas sua produ\u00e7\u00e3o acabou consumindo tamb\u00e9m muito da equipe. Sem recursos, os integrantes precisavam se desdobrar entre a paix\u00e3o pelo De Hoje a Oito e outros empregos e atividades, o que fez com que o programa fosse interrompido no segundo semestre de 2019. \u201cFaz\u00edamos por amor porque ningu\u00e9m tirava um centavo. Era cada um da sua casa, todo mundo com computadores ruins. Teve \u00e9pocas que a gente conseguiu parceria com est\u00fadios, mas era apenas quando eles tinham tempo para a gente\u201d, diz Eduarda.<\/p>\n<p>Agora, com o reconhecimento do Pr\u00eamio seLecT, a ideia \u00e9 garantir a compra de equipamentos que permitam a continuidade do programa, al\u00e9m de alguma remunera\u00e7\u00e3o para os envolvidos. \u201cVai ser interessante retomar o projeto porque a gente tem muita coisa dentro da gaveta, planos de epis\u00f3dios que n\u00e3o demos continuidade porque estava dif\u00edcil trabalhar sem ganhar nada\u201d, conclui a estudante.<\/p>\n<p>O Pr\u00eamio seLecT de Arte e Educa\u00e7\u00e3o \u00e9 promovido pela revista seLecT desde 2017 com o objetivo de valorizar escolas, institui\u00e7\u00f5es de arte, espa\u00e7os de ensino, projetos art\u00edsticos colaborativos e iniciativas inovadoras que favore\u00e7am os di\u00e1logos e os v\u00ednculos entre arte e educa\u00e7\u00e3o. A terceira edi\u00e7\u00e3o teve correaliza\u00e7\u00e3o do Ita\u00fa Cultural, apoio da galeria Almeida e Dale, e parceria da galeria A Gentil Carioca e da Arapuru London Dry Gin.<\/p>\n<p>Fonte: <a href=\"https:\/\/www.select.art.br\/literatura-fora-do-eixo\/\">SeLecT<\/a><\/p>\n","protected":false},"excerpt":{"rendered":"<p>Texto de Nina Rahe Em 2018, quando Eduarda Gama Canto e Andressa dos Prazeres buscavam patroc\u00ednio para lan\u00e7ar o primeiro livro de Tianalva Silva, Entre o Rio e a Pra\u00e7a, as duas perceberam que o esfor\u00e7o todo que estavam fazendo para viabilizar a impress\u00e3o e a circula\u00e7\u00e3o do livro seria em v\u00e3o se nomes como [&hellip;]<\/p>\n","protected":false},"author":1,"featured_media":29518,"comment_status":"closed","ping_status":"closed","sticky":false,"template":"","format":"standard","meta":{"_acf_changed":false,"footnotes":""},"categories":[8],"tags":[],"class_list":["post-29521","post","type-post","status-publish","format-standard","has-post-thumbnail","hentry","category-noticias"],"acf":[],"_links":{"self":[{"href":"https:\/\/ufrb.edu.br\/portal\/wp-json\/wp\/v2\/posts\/29521","targetHints":{"allow":["GET"]}}],"collection":[{"href":"https:\/\/ufrb.edu.br\/portal\/wp-json\/wp\/v2\/posts"}],"about":[{"href":"https:\/\/ufrb.edu.br\/portal\/wp-json\/wp\/v2\/types\/post"}],"author":[{"embeddable":true,"href":"https:\/\/ufrb.edu.br\/portal\/wp-json\/wp\/v2\/users\/1"}],"replies":[{"embeddable":true,"href":"https:\/\/ufrb.edu.br\/portal\/wp-json\/wp\/v2\/comments?post=29521"}],"version-history":[{"count":0,"href":"https:\/\/ufrb.edu.br\/portal\/wp-json\/wp\/v2\/posts\/29521\/revisions"}],"wp:featuredmedia":[{"embeddable":true,"href":"https:\/\/ufrb.edu.br\/portal\/wp-json\/wp\/v2\/media\/29518"}],"wp:attachment":[{"href":"https:\/\/ufrb.edu.br\/portal\/wp-json\/wp\/v2\/media?parent=29521"}],"wp:term":[{"taxonomy":"category","embeddable":true,"href":"https:\/\/ufrb.edu.br\/portal\/wp-json\/wp\/v2\/categories?post=29521"},{"taxonomy":"post_tag","embeddable":true,"href":"https:\/\/ufrb.edu.br\/portal\/wp-json\/wp\/v2\/tags?post=29521"}],"curies":[{"name":"wp","href":"https:\/\/api.w.org\/{rel}","templated":true}]}}