{"id":29540,"date":"2020-10-29T13:15:02","date_gmt":"2020-10-29T13:15:02","guid":{"rendered":"https:\/\/ufrb.edu.br\/2020\/10\/29\/doutora-em-saude-publica-faz-conferencia-de-abertura-da-6-reconcitec\/"},"modified":"2020-10-29T13:15:02","modified_gmt":"2020-10-29T13:15:02","slug":"doutora-em-saude-publica-faz-conferencia-de-abertura-da-6-reconcitec","status":"publish","type":"post","link":"https:\/\/ufrb.edu.br\/portal\/noticias\/doutora-em-saude-publica-faz-conferencia-de-abertura-da-6-reconcitec\/","title":{"rendered":"Pesquisadora em Sa\u00fade P\u00fablica faz confer\u00eancia de abertura da 6\u00aa RECONCITEC"},"content":{"rendered":"<p><img loading=\"lazy\" decoding=\"async\" class=\" alignright size-full wp-image-29539\" src=\"http:\/\/ufrb.edu.br\/wp-content\/uploads\/2020\/10\/edna-reconcitec-76e.jpeg\" alt=\"\" align=\"right\" width=\"1024\" height=\"1280\" srcset=\"https:\/\/ufrb.edu.br\/portal\/wp-content\/uploads\/sites\/5\/2020\/10\/edna-reconcitec-76e.jpeg 1024w, https:\/\/ufrb.edu.br\/portal\/wp-content\/uploads\/sites\/5\/2020\/10\/edna-reconcitec-76e-240x300.jpeg 240w, https:\/\/ufrb.edu.br\/portal\/wp-content\/uploads\/sites\/5\/2020\/10\/edna-reconcitec-76e-819x1024.jpeg 819w, https:\/\/ufrb.edu.br\/portal\/wp-content\/uploads\/sites\/5\/2020\/10\/edna-reconcitec-76e-768x960.jpeg 768w\" sizes=\"auto, (max-width: 1024px) 100vw, 1024px\" \/><\/p>\n<p>A professora doutora, pesquisadora e enfermeira Edna Maria de Ara\u00fajo \u00e9 a palestrante da abertura da 6\u00aa Reuni\u00e3o Anual de Ci\u00eancia, Tecnologia, Inova\u00e7\u00e3o e Cultura no Rec\u00f4ncavo da Bahia, (RECONCITEC), no pr\u00f3ximo dia 03 de novembro, \u00e0s 10h. A palestra de abertura ter\u00e1 como tema &#8220;Desigualdades sociais, Universidade e Desenvolvimento Sustent\u00e1vel&#8221;.<\/p>\n<p>Edna Ara\u00fajo \u00e9 professora do Mestrado Profissional em Sa\u00fade da Popula\u00e7\u00e3o Negra e Ind\u00edgena da UFRB, l\u00edder de grupo de pesquisa e coordenadora do N\u00facleo Interdisciplinar de Estudos sobre Desigualdades Sociais em Sa\u00fade (NUDES), do Programa de P\u00f3s-Gradua\u00e7\u00e3o em Sa\u00fade Coletiva da Universidade Estadual de Feira de Santana (UEFS) e coordenadora do Grupo Tem\u00e1tico Racismo e Sa\u00fade da Associa\u00e7\u00e3o Brasileira de Sa\u00fade Coletiva (ABRASCO).<\/p>\n<p>A 6\u00aa edi\u00e7\u00e3o da RECONCITEC acontecer\u00e1 no per\u00edodo de 03 a 06 de novembro, das 8h \u00e0s 20h, transmitida via web por meio da <a href=\"https:\/\/youtube.com\/ufrb\" target=\"_blank\" rel=\"noopener\">TV UFRB<\/a>, com extensa programa\u00e7\u00e3o. A programa\u00e7\u00e3o pode ser assistida de computadores, celulares e tablets.<\/p>\n<p>Os interessados em participar das atividades do evento podem ser <a href=\"https:\/\/ufrb.edu.br\/ppgci\/reconcitec2020#inscricao\" target=\"_blank\" rel=\"noopener\">inscrever at\u00e9 o pr\u00f3ximo dia 02 de novembro, de forma gratuita<\/a>. Est\u00e3o programadas dezessete palestras, quarenta e uma mesas-redondas, quatro mesas institucionais e onze minicursos.<\/p>\n<p>At\u00e9 o momento est\u00e3o inscritos pessoas da comunidade acad\u00eamica da UFRB (professores, t\u00e9cnicos, alunos de gradua\u00e7\u00e3o e p\u00f3s-gradua\u00e7\u00e3o) da UFRB e diversas Institui\u00e7\u00f5es de ensino, pesquisa e extens\u00e3o a n\u00edvel nacional e internacional, funcion\u00e1rios de empresas p\u00fablico-privadas, representantes dos Colegiados Territoriais (Rec\u00f4ncavo, Vale do Jiquiri\u00e7\u00e1, Portal do Sert\u00e3o, Sisal e Baixo Sul), dentre outros profissionais.<\/p>\n<p>A programa\u00e7\u00e3o da 6\u00aa Reconcitec busca discutir os Objetivos de Desenvolvimento Sustent\u00e1vel definidos pela Organiza\u00e7\u00e3o das Na\u00e7\u00f5es Unidas (ONU) conectando Universidade e Sociedade.<\/p>\n<p>O tema \u00e9 origin\u00e1rio dos 17 Objetivos de Desenvolvimento Sustent\u00e1vel (ODS) lan\u00e7ado pela ONU, em 2015, trazendo uma cole\u00e7\u00e3o de metas e a\u00e7\u00f5es que conduzem a um futuro social e economicamente poss\u00edvel para todos os indiv\u00edduos. Os ODS s\u00e3o um roteiro para concretizar os direitos humanos e a redu\u00e7\u00e3o das desigualdades nas mais variadas dimens\u00f5es.<\/p>\n<p><strong>Certificados<\/strong><\/p>\n<p>Os certificados ser\u00e3o de ouvinte com a carga hor\u00e1ria de 48h; e para participa\u00e7\u00e3o em minicurso a carga hor\u00e1ria ser\u00e1 de 4h. J\u00e1 os certificados de apresenta\u00e7\u00f5es de trabalhos (v\u00eddeo-poster e sess\u00e3o interativa), constar\u00e3o no certificado apenas a apresenta\u00e7\u00e3o do trabalho sem vincula\u00e7\u00e3o de carga hor\u00e1ria.<\/p>\n<p>Os certificados somente estar\u00e3o dispon\u00edveis para quem participar de no m\u00ednimo duas atividades (palestra, mesa-redonda, minicurso, sess\u00e3o interativa) nos quatro dias do evento.<\/p>\n<p><strong>Atividades paralelas<\/strong><\/p>\n<p>Em paralelo, acontecem o XIV Semin\u00e1rio Estudantil de Pesquisa, Inova\u00e7\u00e3o e P\u00f3s-Gradua\u00e7\u00e3o (XIV SEPIP); o V Simp\u00f3sio de Extens\u00e3o; o III Semin\u00e1rio de Perman\u00eancia Estudantil; a VIII Feira Acad\u00eamica de Economia Solid\u00e1ria (VIII FAESOL); II Simp\u00f3sio de Empreendedorismo e Inova\u00e7\u00e3o do Rec\u00f4ncavo (II SEIRECON) e II Simp\u00f3sio de Gradua\u00e7\u00e3o da Pr\u00f3-reitoria de Gradua\u00e7\u00e3o (PROGRAD).<\/p>\n<p><a href=\"https:\/\/ufrb.edu.br\/ppgci\/reconcitec2020#programacao\" target=\"_blank\" rel=\"noopener\">Programa\u00e7\u00e3o da RECONCITEC<\/a>.<\/p>\n","protected":false},"excerpt":{"rendered":"<p>A professora doutora, pesquisadora e enfermeira Edna Maria de Ara\u00fajo \u00e9 a palestrante da abertura da 6\u00aa Reuni\u00e3o Anual de Ci\u00eancia, Tecnologia, Inova\u00e7\u00e3o e Cultura no Rec\u00f4ncavo da Bahia, (RECONCITEC), no pr\u00f3ximo dia 03 de novembro, \u00e0s 10h. A palestra de abertura ter\u00e1 como tema &#8220;Desigualdades sociais, Universidade e Desenvolvimento Sustent\u00e1vel&#8221;. Edna Ara\u00fajo \u00e9 professora [&hellip;]<\/p>\n","protected":false},"author":1,"featured_media":29538,"comment_status":"closed","ping_status":"closed","sticky":false,"template":"","format":"standard","meta":{"_acf_changed":false,"footnotes":""},"categories":[8],"tags":[],"class_list":["post-29540","post","type-post","status-publish","format-standard","has-post-thumbnail","hentry","category-noticias"],"acf":[],"_links":{"self":[{"href":"https:\/\/ufrb.edu.br\/portal\/wp-json\/wp\/v2\/posts\/29540","targetHints":{"allow":["GET"]}}],"collection":[{"href":"https:\/\/ufrb.edu.br\/portal\/wp-json\/wp\/v2\/posts"}],"about":[{"href":"https:\/\/ufrb.edu.br\/portal\/wp-json\/wp\/v2\/types\/post"}],"author":[{"embeddable":true,"href":"https:\/\/ufrb.edu.br\/portal\/wp-json\/wp\/v2\/users\/1"}],"replies":[{"embeddable":true,"href":"https:\/\/ufrb.edu.br\/portal\/wp-json\/wp\/v2\/comments?post=29540"}],"version-history":[{"count":0,"href":"https:\/\/ufrb.edu.br\/portal\/wp-json\/wp\/v2\/posts\/29540\/revisions"}],"wp:featuredmedia":[{"embeddable":true,"href":"https:\/\/ufrb.edu.br\/portal\/wp-json\/wp\/v2\/media\/29538"}],"wp:attachment":[{"href":"https:\/\/ufrb.edu.br\/portal\/wp-json\/wp\/v2\/media?parent=29540"}],"wp:term":[{"taxonomy":"category","embeddable":true,"href":"https:\/\/ufrb.edu.br\/portal\/wp-json\/wp\/v2\/categories?post=29540"},{"taxonomy":"post_tag","embeddable":true,"href":"https:\/\/ufrb.edu.br\/portal\/wp-json\/wp\/v2\/tags?post=29540"}],"curies":[{"name":"wp","href":"https:\/\/api.w.org\/{rel}","templated":true}]}}