{"id":29557,"date":"2020-11-03T18:36:14","date_gmt":"2020-11-03T18:36:14","guid":{"rendered":"https:\/\/ufrb.edu.br\/2020\/11\/03\/reconcitec-2020-tem-inicio-com-atividades-no-formato-virtual-transmitidas-pela-tv-ufrb\/"},"modified":"2020-11-03T18:36:14","modified_gmt":"2020-11-03T18:36:14","slug":"reconcitec-2020-tem-inicio-com-atividades-no-formato-virtual-transmitidas-pela-tv-ufrb","status":"publish","type":"post","link":"https:\/\/ufrb.edu.br\/portal\/noticias\/reconcitec-2020-tem-inicio-com-atividades-no-formato-virtual-transmitidas-pela-tv-ufrb\/","title":{"rendered":"Reconcitec 2020 tem in\u00edcio com atividades no formato virtual transmitidas pela TV UFRB"},"content":{"rendered":"<figure><figcaption>Mesa de abertura da Reconcitec 2020 transmitida nesta ter\u00e7a-feira (3) pela TV UFRB.<\/figcaption><\/figure>\n<p>A Universidade Federal do Rec\u00f4ncavo da Bahia (UFRB) deu in\u00edcio nesta ter\u00e7a-feira (3) \u00e0s atividades da VI Reuni\u00e3o Anual de Ci\u00eancia, Tecnologia, Inova\u00e7\u00e3o e Cultura no Rec\u00f4ncavo da Bahia \u2013 Reconcitec 2020. No formato virtual, toda a programa\u00e7\u00e3o est\u00e1 sendo <a href=\"https:\/\/www.youtube.com\/user\/ufrb\">transmitida ao vivo pela TV UFRB<\/a>, com tradu\u00e7\u00e3o em LIBRAS &#8211; L\u00edngua Brasileira de Sinais. A cerim\u00f4nia de abertura aconteceu \u00e0s 10h com a participa\u00e7\u00e3o do reitor F\u00e1bio Josu\u00e9, do vice-reitor Jos\u00e9 Mascarenhas e do pr\u00f3-reitor de Pesquisa, P\u00f3s-Gradua\u00e7\u00e3o, Cria\u00e7\u00e3o e Inova\u00e7\u00e3o (PPGCI), Maur\u00edcio Ferreira.<\/p>\n<p>O reitor F\u00e1bio Josu\u00e9 abriu os trabalhos, saudando todos os participantes do evento. Em sua fala, destacou como a Reconcitec tem se firmado cada vez mais como \u201cum espa\u00e7o de sistematiza\u00e7\u00e3o e socializa\u00e7\u00e3o do conhecimento produzido no \u00e2mbito do Rec\u00f4ncavo da Bahia, em especial da UFRB\u201d. Sobre o tema desta edi\u00e7\u00e3o &#8211; \u201cOs Objetivos de Desenvolvimento Sustent\u00e1vel: conectando Universidade e Sociedade\u201d -, ele afirmou que \u201cas universidades possuem uma posi\u00e7\u00e3o estrat\u00e9gica na concretiza\u00e7\u00e3o desses objetivos, pela sua capacidade de investiga\u00e7\u00e3o, de reflex\u00e3o sobre a realidade e de produ\u00e7\u00e3o do conhecimento\u201d.<\/p>\n<p>De forma complementar, o reitor ressaltou o grande potencial das universidades em articular gestores p\u00fablicos e sociedade no enfrentamento dos desafios postos ao desenvolvimento sustent\u00e1vel. \u201cEspecialmente no caso da UFRB \u00e9 preciso reconhecer o papel desta universidade para sua regi\u00e3o. Ao fazermos um balan\u00e7o de seus 15 anos de exist\u00eancia, podemos seguramente afirmar as contribui\u00e7\u00f5es desta institui\u00e7\u00e3o em seus territ\u00f3rios de abrang\u00eancia, nas dimens\u00f5es de inclus\u00e3o social, dinamiza\u00e7\u00e3o da economia local e forma\u00e7\u00e3o nas diversas \u00e1reas do conhecimento\u201d, disse, apontando que \u00e9 preciso ir al\u00e9m: \u201ctornar essa rela\u00e7\u00e3o com os territ\u00f3rios ainda mais org\u00e2nica, pulsante e que se revele em cada a\u00e7\u00e3o de nossa institui\u00e7\u00e3o\u201d.<\/p>\n<p>Passando a palavra para o vice-reitor Jos\u00e9 Mascarenhas, tamb\u00e9m este destacou a import\u00e2ncia da Reconcitec para a UFRB e toda a sua comunidade acad\u00eamica. \u201cA Reconcitec chega a sua sexta edi\u00e7\u00e3o e j\u00e1 alcan\u00e7a tr\u00eas reitorados da Universidade. Ao abordar os Objetivos do Desenvolvimento Sustent\u00e1vel nesta edi\u00e7\u00e3o, o evento mostra o quanto est\u00e1 conectado com os desafios que s\u00e3o apresentados para o mundo e para as institui\u00e7\u00f5es. E, este momento, a UFRB n\u00e3o se furta dessas aproxima\u00e7\u00f5es e da busca de solu\u00e7\u00f5es para esses desafios\u201d, disse.<\/p>\n<p>O pr\u00f3-reitor Maur\u00edcio Ferreira, da PPGCI, falou da experi\u00eancia de coordenar pela primeira vez uma edi\u00e7\u00e3o da Reconcitec no formato virtual, o que ir\u00e1 agregar \u00e0 hist\u00f3ria de seis anos do evento. Para ele, ao congregar diversas atividades paralelas, a Reconcitec se torna \u201cum importante espa\u00e7o de di\u00e1logo sobre as pol\u00edticas de pesquisa, p\u00f3s-gradua\u00e7\u00e3o, perman\u00eancia qualificada e extens\u00e3o da UFRB, e tamb\u00e9m de apresenta\u00e7\u00e3o das a\u00e7\u00f5es realizadas pelos programas e projetos inseridos em diversos territ\u00f3rios de identidade do Estado da Bahia\u201d.<\/p>\n<p><strong>Confer\u00eancia de abertura \u2013<\/strong> Com o tema \u201cDesigualdades sociais, Universidade e Desenvolvimento Sustent\u00e1vel\u201d, a primeira confer\u00eancia da Reconcitec 2020 foi proferida pela Prof\u00aa. Dr\u00aa. Edna Maria de Ara\u00fajo, docente do Mestrado Profissional em Sa\u00fade da Popula\u00e7\u00e3o Negra e Ind\u00edgena da UFRB, l\u00edder de grupo de pesquisa e coordenadora do N\u00facleo Interdisciplinar de Estudos sobre Desigualdades Sociais em Sa\u00fade (NUDES) da Universidade Estadual de Feira de Santana (UEFS) e coordenadora do Grupo Tem\u00e1tico Racismo e Sa\u00fade da Associa\u00e7\u00e3o Brasileira de Sa\u00fade Coletiva (ABRASCO).<\/p>\n<p>A professora Edna Maria fez um apanhado dos avan\u00e7os e retrocessos na agenda para o desenvolvimento sustent\u00e1vel proposta pela ONU, em que re\u00fane como um plano global 17 objetivos para acabar com a pobreza, proteger o planeta e garantir que todas as pessoas desfrutem de paz e prosperidade at\u00e9 2030. Para ela, os desafios ainda s\u00e3o grandes para universidades e sociedade, sendo que o racismo estrutural nas institui\u00e7\u00f5es brasileiras e a segrega\u00e7\u00e3o social limitam ainda mais oportunidades para a popula\u00e7\u00e3o negra. Confira a confer\u00eancia na \u00edntegra:<\/p>\n<p>{youtube}fYZrbJJMEtA&amp;t=3s{\/youtube}<\/p>\n<p>A programa\u00e7\u00e3o da Reconcitec segue at\u00e9 o dia 06 de novembro, com mesas redondas, confer\u00eancias, apresenta\u00e7\u00f5es de trabalho no formato de v\u00eddeo-p\u00f4steres e performances art\u00edsticas.<\/p>\n<p><strong>V\u00eddeo-p\u00f4steres \u2013<\/strong> A organiza\u00e7\u00e3o da Reconcitec 2020 come\u00e7ou a liberar a exibi\u00e7\u00e3o das apresenta\u00e7\u00f5es de trabalho no formato de videop\u00f4steres. As apresenta\u00e7\u00f5es podem ser vistas a partir de hoje (3) na <a href=\"https:\/\/www.youtube.com\/playlist?list=PLeY6y68kYHIPyaF7-YeXx-82SEzd-GRSg\">TV UFRB<\/a>, sem restri\u00e7\u00e3o de acesso. J\u00e1 est\u00e3o dispon\u00edveis mais de 180 v\u00eddeos-p\u00f4steres, entre trabalhos de bolsistas, discentes, pesquisadores e p\u00f3s-graduandos. Outros v\u00eddeos-p\u00f4steres ainda ser\u00e3o disponibilizados e 24 trabalhos ser\u00e3o apresentados em sess\u00f5es interativas.<\/p>\n<p><strong>Mostras art\u00edsticas \u2013<\/strong> Como parte da programa\u00e7\u00e3o da Reconcitec 2020, o festival <a href=\"https:\/\/ufrb.edu.br\/ppgci\/insubmissoes-culturais\">Insubmiss\u00f5es culturais: a arte de reXistir<\/a> re\u00fane 42 obras visuais, sonoras e audiovisuais, que foram organizadas em seis mostras: Lugares, Fronteiras e Tr\u00e2nsitos; Todxs xs G\u00eanerxs; Ecos da Am\u00e9frica; Cr\u00f4nicas das Quarentenas; Som e Atitude; e O cuidado de si. Outras duas mostras foram convidadas a compor a programa\u00e7\u00e3o do Insubmiss\u00f5es Culturais: Baga de Bagaceira: Mem\u00f3ria Viva e a Exposi\u00e7\u00e3o Virtual do Memorial do Ensino Agr\u00edcola Superior da Bahia (Measb).<\/p>\n<p><strong>Eventos paralelos \u2013<\/strong> Tamb\u00e9m fazem parte da programa\u00e7\u00e3o da Reconcitec o XIV Semin\u00e1rio Estudantil de Pesquisa, Inova\u00e7\u00e3o e P\u00f3s-Gradua\u00e7\u00e3o (XIV SEPIP); o V Simp\u00f3sio de Extens\u00e3o; o III Semin\u00e1rio de Perman\u00eancia Estudantil; a VIII Feira Acad\u00eamica de Economia Solid\u00e1ria (VIII FAESOL); o II Simp\u00f3sio de Empreendedorismo e Inova\u00e7\u00e3o do Rec\u00f4ncavo (II SEIRECON) e o II Simp\u00f3sio de Gradua\u00e7\u00e3o da PROGRAD.<\/p>\n<p>Acompanhe toda a programa\u00e7\u00e3o da Reconcitec 2020 na <a href=\"https:\/\/www.youtube.com\/user\/ufrb\">TV UFRB<\/a>.<\/p>\n","protected":false},"excerpt":{"rendered":"<p>Mesa de abertura da Reconcitec 2020 transmitida nesta ter\u00e7a-feira (3) pela TV UFRB. A Universidade Federal do Rec\u00f4ncavo da Bahia (UFRB) deu in\u00edcio nesta ter\u00e7a-feira (3) \u00e0s atividades da VI Reuni\u00e3o Anual de Ci\u00eancia, Tecnologia, Inova\u00e7\u00e3o e Cultura no Rec\u00f4ncavo da Bahia \u2013 Reconcitec 2020. No formato virtual, toda a programa\u00e7\u00e3o est\u00e1 sendo transmitida ao [&hellip;]<\/p>\n","protected":false},"author":1,"featured_media":29556,"comment_status":"closed","ping_status":"closed","sticky":false,"template":"","format":"standard","meta":{"_acf_changed":false,"footnotes":""},"categories":[8],"tags":[],"class_list":["post-29557","post","type-post","status-publish","format-standard","has-post-thumbnail","hentry","category-noticias"],"acf":[],"_links":{"self":[{"href":"https:\/\/ufrb.edu.br\/portal\/wp-json\/wp\/v2\/posts\/29557","targetHints":{"allow":["GET"]}}],"collection":[{"href":"https:\/\/ufrb.edu.br\/portal\/wp-json\/wp\/v2\/posts"}],"about":[{"href":"https:\/\/ufrb.edu.br\/portal\/wp-json\/wp\/v2\/types\/post"}],"author":[{"embeddable":true,"href":"https:\/\/ufrb.edu.br\/portal\/wp-json\/wp\/v2\/users\/1"}],"replies":[{"embeddable":true,"href":"https:\/\/ufrb.edu.br\/portal\/wp-json\/wp\/v2\/comments?post=29557"}],"version-history":[{"count":0,"href":"https:\/\/ufrb.edu.br\/portal\/wp-json\/wp\/v2\/posts\/29557\/revisions"}],"wp:featuredmedia":[{"embeddable":true,"href":"https:\/\/ufrb.edu.br\/portal\/wp-json\/wp\/v2\/media\/29556"}],"wp:attachment":[{"href":"https:\/\/ufrb.edu.br\/portal\/wp-json\/wp\/v2\/media?parent=29557"}],"wp:term":[{"taxonomy":"category","embeddable":true,"href":"https:\/\/ufrb.edu.br\/portal\/wp-json\/wp\/v2\/categories?post=29557"},{"taxonomy":"post_tag","embeddable":true,"href":"https:\/\/ufrb.edu.br\/portal\/wp-json\/wp\/v2\/tags?post=29557"}],"curies":[{"name":"wp","href":"https:\/\/api.w.org\/{rel}","templated":true}]}}