{"id":29599,"date":"2020-11-24T12:43:42","date_gmt":"2020-11-24T12:43:42","guid":{"rendered":"https:\/\/ufrb.edu.br\/2020\/11\/24\/ufrb-seleciona-coordenadores-para-cursos-ead-em-artes-e-musica-popular-brasileira\/"},"modified":"2020-11-24T12:43:42","modified_gmt":"2020-11-24T12:43:42","slug":"ufrb-seleciona-coordenadores-para-cursos-ead-em-artes-e-musica-popular-brasileira","status":"publish","type":"post","link":"https:\/\/ufrb.edu.br\/portal\/noticias\/ufrb-seleciona-coordenadores-para-cursos-ead-em-artes-e-musica-popular-brasileira\/","title":{"rendered":"UFRB seleciona coordenadores para cursos EaD em Artes e M\u00fasica Popular Brasileira"},"content":{"rendered":"<p>A Universidade Federal do Rec\u00f4ncavo da Bahia (UFRB) divulga o processo seletivo interno com vistas \u00e0 contrata\u00e7\u00e3o de coordenadores para os cursos de Licenciatura Interdisciplinar em Artes e Licenciatura Plena em M\u00fasica Popular Brasileira, ambos na modalidade de Ensino a Dist\u00e2ncia (EaD). As inscri\u00e7\u00f5es estar\u00e3o abertas no per\u00edodo de 27 a 30 de novembro, exclusivamente pela internet, no endere\u00e7o <a href=\"https:\/\/www2.ufrb.edu.br\/ead\/editais\/440-edital-sead-cecult-n-15-2020-processo-seletivo-simplificado-interno-para-coordenador-de-curso-ead-uab-cecult\">ufrb.edu.br\/ead<\/a>.<\/p>\n<p>Podem concorrer professores da UFRB que tenham experi\u00eancia m\u00ednima de um ano como docente do magist\u00e9rio superior; possuam titula\u00e7\u00e3o m\u00ednima de doutorado na \u00e1rea dos cursos ou \u00e1reas afins; n\u00e3o tenham v\u00ednculo com outro programa de fomento em que haja sobreposi\u00e7\u00e3o de bolsas, inclusive quando vinculados a programas de p\u00f3s-gradua\u00e7\u00e3o (mestrado e doutorado), e tenham disponibilidade de 10 horas semanais para desenvolver as atividades a dist\u00e2ncia. &nbsp;<\/p>\n<p>A avalia\u00e7\u00e3o do candidato ser\u00e1 por contagem de t\u00edtulos, segundo o barema apresentado no edital, e avalia\u00e7\u00e3o de carta de inten\u00e7\u00e3o. O resultado final da sele\u00e7\u00e3o estar\u00e1 dispon\u00edvel no dia 11 de dezembro, no <a href=\"https:\/\/www2.ufrb.edu.br\/ead\/editais\/440-edital-sead-cecult-n-15-2020-processo-seletivo-simplificado-interno-para-coordenador-de-curso-ead-uab-cecult\">site da Superintend\u00eancia de Educa\u00e7\u00e3o Aberta e a Dist\u00e2ncia (SEAD)<\/a> da UFRB. A contrata\u00e7\u00e3o ter\u00e1 car\u00e1ter tempor\u00e1rio. Os coordenadores atuar\u00e3o na condi\u00e7\u00e3o de bolsista da Coordena\u00e7\u00e3o de Aperfei\u00e7oamento de Pessoal de N\u00edvel Superior (CAPES), no \u00e2mbito do Sistema Universidade Aberta do Brasil (UAB).<\/p>\n<p>Dentre as atribui\u00e7\u00f5es dos coordenadores est\u00e3o: coordenar, planejar, acompanhar e avaliar as atividades acad\u00eamicas do curso; acompanhar as atividades desenvolvidas pelos tutores, professores e coordenadores de polo; realizar o planejamento e o desenvolvimento dos processos seletivos de estudantes, em conjunto com o coordenador UAB; acompanhar e manter atualizados os registros acad\u00eamicos dos estudantes matriculados no curso; elaborar, implementar e avaliar a\u00e7\u00f5es e processos formativos para os professores do curso correspondente, no \u00e2mbito da EaD.<\/p>\n<p>O in\u00edcio das atividades de coordena\u00e7\u00e3o de curso est\u00e1 previsto para janeiro de 2021. Os cursos est\u00e3o vinculados ao Centro de Cultura, Linguagens e Tecnologias Aplicadas (CECULT), campus da UFRB de Santo Amaro.<\/p>\n<p>D\u00favidas e informa\u00e7\u00f5es sobre a sele\u00e7\u00e3o dever\u00e3o ser obtidas com a comiss\u00e3o de sele\u00e7\u00e3o, exclusivamente pelo e-mail <a href=\"mailto:editaiscecult@cecult.ufrb.edu.br\">editaiscecult@cecult.ufrb.edu.br<\/a>.<\/p>\n<p>Confira na \u00edntegra o <a href=\"https:\/\/www2.ufrb.edu.br\/ead\/images\/editais_2020\/Edital_SEAD_N%C2%BA_15.2020_-_Selecao_Interna_de_Coordenadores_de_Curso_de_Licenciaturas_EAD_do_Cecult.pdf\">Edital SEAD\/CECULT N\u00ba 15\/2020<\/a>.<\/p>\n<p>Mais informa\u00e7\u00f5es no site <a href=\"https:\/\/www2.ufrb.edu.br\/ead\/editais\/440-edital-sead-cecult-n-15-2020-processo-seletivo-simplificado-interno-para-coordenador-de-curso-ead-uab-cecult\">ufrb.edu.br\/ead<\/a>.<\/p>\n","protected":false},"excerpt":{"rendered":"<p>A Universidade Federal do Rec\u00f4ncavo da Bahia (UFRB) divulga o processo seletivo interno com vistas \u00e0 contrata\u00e7\u00e3o de coordenadores para os cursos de Licenciatura Interdisciplinar em Artes e Licenciatura Plena em M\u00fasica Popular Brasileira, ambos na modalidade de Ensino a Dist\u00e2ncia (EaD). As inscri\u00e7\u00f5es estar\u00e3o abertas no per\u00edodo de 27 a 30 de novembro, exclusivamente [&hellip;]<\/p>\n","protected":false},"author":1,"featured_media":29598,"comment_status":"closed","ping_status":"closed","sticky":false,"template":"","format":"standard","meta":{"_acf_changed":false,"footnotes":""},"categories":[8],"tags":[],"class_list":["post-29599","post","type-post","status-publish","format-standard","has-post-thumbnail","hentry","category-noticias"],"acf":[],"_links":{"self":[{"href":"https:\/\/ufrb.edu.br\/portal\/wp-json\/wp\/v2\/posts\/29599","targetHints":{"allow":["GET"]}}],"collection":[{"href":"https:\/\/ufrb.edu.br\/portal\/wp-json\/wp\/v2\/posts"}],"about":[{"href":"https:\/\/ufrb.edu.br\/portal\/wp-json\/wp\/v2\/types\/post"}],"author":[{"embeddable":true,"href":"https:\/\/ufrb.edu.br\/portal\/wp-json\/wp\/v2\/users\/1"}],"replies":[{"embeddable":true,"href":"https:\/\/ufrb.edu.br\/portal\/wp-json\/wp\/v2\/comments?post=29599"}],"version-history":[{"count":0,"href":"https:\/\/ufrb.edu.br\/portal\/wp-json\/wp\/v2\/posts\/29599\/revisions"}],"wp:featuredmedia":[{"embeddable":true,"href":"https:\/\/ufrb.edu.br\/portal\/wp-json\/wp\/v2\/media\/29598"}],"wp:attachment":[{"href":"https:\/\/ufrb.edu.br\/portal\/wp-json\/wp\/v2\/media?parent=29599"}],"wp:term":[{"taxonomy":"category","embeddable":true,"href":"https:\/\/ufrb.edu.br\/portal\/wp-json\/wp\/v2\/categories?post=29599"},{"taxonomy":"post_tag","embeddable":true,"href":"https:\/\/ufrb.edu.br\/portal\/wp-json\/wp\/v2\/tags?post=29599"}],"curies":[{"name":"wp","href":"https:\/\/api.w.org\/{rel}","templated":true}]}}