{"id":29634,"date":"2020-12-18T20:57:19","date_gmt":"2020-12-18T20:57:19","guid":{"rendered":"https:\/\/ufrb.edu.br\/2020\/12\/18\/retrospectiva-2020-relembre-os-fatos-que-marcaram-o-ano-na-ufrb\/"},"modified":"2020-12-18T20:57:19","modified_gmt":"2020-12-18T20:57:19","slug":"retrospectiva-2020-relembre-os-fatos-que-marcaram-o-ano-na-ufrb","status":"publish","type":"post","link":"https:\/\/ufrb.edu.br\/portal\/noticias\/retrospectiva-2020-relembre-os-fatos-que-marcaram-o-ano-na-ufrb\/","title":{"rendered":"Retrospectiva 2020: relembre os fatos que marcaram o ano na UFRB"},"content":{"rendered":"<p><img loading=\"lazy\" decoding=\"async\" class=\" size-full wp-image-29633\" src=\"http:\/\/ufrb.edu.br\/wp-content\/uploads\/2020\/12\/retro-noticia-675.jpeg\" alt=\"\" width=\"1024\" height=\"1280\" srcset=\"https:\/\/ufrb.edu.br\/portal\/wp-content\/uploads\/sites\/5\/2020\/12\/retro-noticia-675.jpeg 1024w, https:\/\/ufrb.edu.br\/portal\/wp-content\/uploads\/sites\/5\/2020\/12\/retro-noticia-675-240x300.jpeg 240w, https:\/\/ufrb.edu.br\/portal\/wp-content\/uploads\/sites\/5\/2020\/12\/retro-noticia-675-819x1024.jpeg 819w, https:\/\/ufrb.edu.br\/portal\/wp-content\/uploads\/sites\/5\/2020\/12\/retro-noticia-675-768x960.jpeg 768w\" sizes=\"auto, (max-width: 1024px) 100vw, 1024px\" \/><\/p>\n<p>O ano de 2020 foi desafiador para todos. Um ano em que a pandemia do novo Coronav\u00edrus mudou rotinas, h\u00e1bitos e rela\u00e7\u00f5es sociais. Em meio a tudo isso, a Universidade Federal do Rec\u00f4ncavo da Bahia (UFRB) teve que tomar decis\u00f5es dif\u00edceis, mas necess\u00e1rias, visando \u00e0 preserva\u00e7\u00e3o da vida dos estudantes, docentes, t\u00e9cnicos-administrativos e colaboradores.<\/p>\n<p>Diante de um cen\u00e1rio in\u00e9dito e desafiador, a UFRB se reinventou e mostrou sua capacidade de enfrentar as adversidades, promovendo a\u00e7\u00f5es para minimizar o impacto da pandemia nas atividades administrativas, de ensino, pesquisa, extens\u00e3o, perman\u00eancia e assist\u00eancia estudantil. A Universidade chega ao final do ano, reafirmando sua import\u00e2ncia cada vez mais crucial para a sociedade, em especial, dos territ\u00f3rios do Rec\u00f4ncavo, Vale do Jiquiri\u00e7\u00e1 e Portal do Sert\u00e3o.<\/p>\n<p>Todos os fatos que marcaram o ano de 2020 e as a\u00e7\u00f5es e medidas tomadas pela UFRB para o enfrentamento da pandemia foram reunidos em um v\u00eddeo de retrospectiva, que j\u00e1 est\u00e1 dispon\u00edvel online para toda a comunidade. A produ\u00e7\u00e3o \u00e9 assinada pela Assessoria de Comunica\u00e7\u00e3o e contou com a participa\u00e7\u00e3o dos estudantes de Jornalismo, Danielle Almeida, e de Artes Visuais, Ben\u00edcio Lira, como apresentadores. Al\u00e9m de um resumo das principais realiza\u00e7\u00f5es institucionais, o v\u00eddeo traz ainda depoimentos do reitor F\u00e1bio Josu\u00e9, do vice-reitor Jos\u00e9 Mascarenhas, de pr\u00f3-reitores e coordenadores, sobre cada \u00e1rea de atua\u00e7\u00e3o.&nbsp;<\/p>\n<p>O objetivo \u00e9 prestar conta de todos os esfor\u00e7os que a Universidade tem empreendido para a supera\u00e7\u00e3o desse momento hist\u00f3rico e inimagin\u00e1vel. Mesmo com as dificuldades inerentes \u00e0 pandemia do novo Coronav\u00edrus, a UFRB est\u00e1 mantendo de forma remota o ensino de gradua\u00e7\u00e3o e p\u00f3s-gradua\u00e7\u00e3o, pesquisas cient\u00edficas importantes, a\u00e7\u00f5es sociais e fazendo novas parcerias para atua\u00e7\u00e3o direta junto a profissionais e \u00f3rg\u00e3os de sa\u00fade.<\/p>\n<p>Em 2021, os desafios continuam, mas a UFRB certamente ser\u00e1 ainda mais referenciada na produ\u00e7\u00e3o do conhecimento e na constru\u00e7\u00e3o de uma sociedade mais inclusiva e justa.<\/p>\n<p>Confira:<\/p>\n<p class=\"video-container\">\n","protected":false},"excerpt":{"rendered":"<p>O ano de 2020 foi desafiador para todos. Um ano em que a pandemia do novo Coronav\u00edrus mudou rotinas, h\u00e1bitos e rela\u00e7\u00f5es sociais. Em meio a tudo isso, a Universidade Federal do Rec\u00f4ncavo da Bahia (UFRB) teve que tomar decis\u00f5es dif\u00edceis, mas necess\u00e1rias, visando \u00e0 preserva\u00e7\u00e3o da vida dos estudantes, docentes, t\u00e9cnicos-administrativos e colaboradores. Diante [&hellip;]<\/p>\n","protected":false},"author":1,"featured_media":29632,"comment_status":"closed","ping_status":"closed","sticky":false,"template":"","format":"standard","meta":{"_acf_changed":false,"footnotes":""},"categories":[8],"tags":[],"class_list":["post-29634","post","type-post","status-publish","format-standard","has-post-thumbnail","hentry","category-noticias"],"acf":[],"_links":{"self":[{"href":"https:\/\/ufrb.edu.br\/portal\/wp-json\/wp\/v2\/posts\/29634","targetHints":{"allow":["GET"]}}],"collection":[{"href":"https:\/\/ufrb.edu.br\/portal\/wp-json\/wp\/v2\/posts"}],"about":[{"href":"https:\/\/ufrb.edu.br\/portal\/wp-json\/wp\/v2\/types\/post"}],"author":[{"embeddable":true,"href":"https:\/\/ufrb.edu.br\/portal\/wp-json\/wp\/v2\/users\/1"}],"replies":[{"embeddable":true,"href":"https:\/\/ufrb.edu.br\/portal\/wp-json\/wp\/v2\/comments?post=29634"}],"version-history":[{"count":0,"href":"https:\/\/ufrb.edu.br\/portal\/wp-json\/wp\/v2\/posts\/29634\/revisions"}],"wp:featuredmedia":[{"embeddable":true,"href":"https:\/\/ufrb.edu.br\/portal\/wp-json\/wp\/v2\/media\/29632"}],"wp:attachment":[{"href":"https:\/\/ufrb.edu.br\/portal\/wp-json\/wp\/v2\/media?parent=29634"}],"wp:term":[{"taxonomy":"category","embeddable":true,"href":"https:\/\/ufrb.edu.br\/portal\/wp-json\/wp\/v2\/categories?post=29634"},{"taxonomy":"post_tag","embeddable":true,"href":"https:\/\/ufrb.edu.br\/portal\/wp-json\/wp\/v2\/tags?post=29634"}],"curies":[{"name":"wp","href":"https:\/\/api.w.org\/{rel}","templated":true}]}}