{"id":29703,"date":"2020-12-30T12:32:34","date_gmt":"2020-12-30T12:32:34","guid":{"rendered":"https:\/\/ufrb.edu.br\/2020\/12\/30\/ufrb-divulga-processo-seletivo-para-vagas-nao-preenchidas-no-segundo-ciclo-2020-1\/"},"modified":"2020-12-30T12:32:34","modified_gmt":"2020-12-30T12:32:34","slug":"ufrb-divulga-processo-seletivo-para-vagas-nao-preenchidas-no-segundo-ciclo-2020-1","status":"publish","type":"post","link":"https:\/\/ufrb.edu.br\/portal\/noticias\/ufrb-divulga-processo-seletivo-para-vagas-nao-preenchidas-no-segundo-ciclo-2020-1\/","title":{"rendered":"UFRB divulga processo seletivo para vagas n\u00e3o preenchidas no segundo ciclo 2020.1"},"content":{"rendered":"<p><img loading=\"lazy\" decoding=\"async\" class=\" alignright size-full wp-image-29701\" src=\"http:\/\/ufrb.edu.br\/wp-content\/uploads\/2020\/12\/vagas-2ciclo-noticia-9f7.png\" alt=\"\" align=\"right\" width=\"1080\" height=\"1350\" srcset=\"https:\/\/ufrb.edu.br\/portal\/wp-content\/uploads\/sites\/5\/2020\/12\/vagas-2ciclo-noticia-9f7.png 1080w, https:\/\/ufrb.edu.br\/portal\/wp-content\/uploads\/sites\/5\/2020\/12\/vagas-2ciclo-noticia-9f7-240x300.png 240w, https:\/\/ufrb.edu.br\/portal\/wp-content\/uploads\/sites\/5\/2020\/12\/vagas-2ciclo-noticia-9f7-819x1024.png 819w, https:\/\/ufrb.edu.br\/portal\/wp-content\/uploads\/sites\/5\/2020\/12\/vagas-2ciclo-noticia-9f7-768x960.png 768w\" sizes=\"auto, (max-width: 1080px) 100vw, 1080px\" \/><\/p>\n<p>A Universidade Federal do Rec\u00f4ncavo da Bahia (UFRB), por meio da sua Pr\u00f3-Reitoria de Gradua\u00e7\u00e3o (PROGRAD), divulga o <a href=\"http:\/\/ufrb.edu.br\/wp-content\/uploads\/2020\/12\/20201229211627_Edital__018.2020_-_Processo_Complementar_de_Ocupao_de_Vagas_do_Segundo_Ciclo_2-d5e.pdf\">processo seletivo<\/a> com vistas \u00e0 ocupa\u00e7\u00e3o de vagas remanescentes do acesso ao segundo ciclo no semestre 2020.1. No total, s\u00e3o ofertadas 138 vagas para os cursos de gradua\u00e7\u00e3o que possuem formato de ciclos, n\u00e3o preenchidas em raz\u00e3o da n\u00e3o realiza\u00e7\u00e3o de matr\u00edcula, desist\u00eancias e cancelamentos.<\/p>\n<p>As vagas s\u00e3o para os cursos de Enfermagem (5), Nutri\u00e7\u00e3o (15), Psicologia (2), Engenharia Civil (2), Engenharia da Computa\u00e7\u00e3o (21), Engenharia El\u00e9trica (9), Matem\u00e1tica (5), F\u00edsica (15), Engenharia de Tecnologia Assistiva e Acessibilidade (10), Engenharia de Produ\u00e7\u00e3o (10), Engenharia de Materiais (5), Engenharia de Energias (4), Produ\u00e7\u00e3o Musical (10), Artes do Espet\u00e1culo (8), Pol\u00edtica e Gest\u00e3o Cultural (8), Interdisciplinar em Artes (2) e M\u00fasica Popular Brasileira (5).<\/p>\n<p>A inscri\u00e7\u00e3o ser\u00e1 gratuita e dever\u00e1 ser realizada em etapa \u00fanica, via internet, no link <a href=\"http:\/\/segundociclo.ufrb.edu.br\/\">segundociclo.ufrb.edu.br<\/a>, no per\u00edodo de 12 a 18 de janeiro. N\u00e3o haver\u00e1 reserva de vagas. Esse processo \u00e9 destinado exclusivamente aos candidatos que tenham conclu\u00eddo um dos Bacharelados Interdisciplinares e similares da UFRB.<\/p>\n<p>O resultado da sele\u00e7\u00e3o ser\u00e1 divulgado na ordem decrescente do Coeficiente de Rendimento Acad\u00eamico (CRA), por curso, no dia 20 de janeiro, no <a href=\"http:\/\/www.ufrb.edu.br\/prosel\">site de Processos Seletivos da UFRB<\/a>. Caso haja vagas dispon\u00edveis ap\u00f3s a matr\u00edcula dos candidatos convocados em primeira chamada, poder\u00e1 ocorrer mais uma convoca\u00e7\u00e3o.<\/p>\n<p>A matr\u00edcula ser\u00e1 gratuita e tamb\u00e9m consistir\u00e1 em \u00fanica etapa, via internet, atrav\u00e9s do Sistema Integrado de Gest\u00e3o de Atividades Acad\u00eamicas (SIGAA), no link <a href=\"https:\/\/sistemas.ufrb.edu.br\/sigaa\">sistemas.ufrb.edu.br\/sigaa<\/a>, entre os dias 20 e 25 de janeiro. O candidato dever\u00e1 confirmar o interesse na matr\u00edcula do curso que foi aprovado clicando em &#8220;SIM&#8221; no campo espec\u00edfico no SIGAA. A n\u00e3o confirma\u00e7\u00e3o impedir\u00e1 a realiza\u00e7\u00e3o da matr\u00edcula.<\/p>\n<p>O in\u00edcio das aulas do semestre 2020.1 est\u00e1 previsto para o dia 22 de fevereiro.<\/p>\n<p>D\u00favidas e informa\u00e7\u00f5es suplementares quanto ao processo poder\u00e3o ser respondidas pelo N\u00facleo de Gest\u00e3o de Processos Seletivos da Coordenadoria de Pol\u00edticas e&nbsp;Planejamento da Gradua\u00e7\u00e3o no e-mail: <a href=\"mailto:prosel@prograd.ufrb.edu.br\">prosel@prograd.ufrb.edu.br<\/a>.<\/p>\n<p>Confira na \u00edntegra o <a href=\"http:\/\/ufrb.edu.br\/wp-content\/uploads\/2020\/12\/20201229211627_Edital__018.2020_-_Processo_Complementar_de_Ocupao_de_Vagas_do_Segundo_Ciclo_2-d5e.pdf\">Edital PROGRAD n\u00ba 018\/2020<\/a>.<\/p>\n<p>Mais informa\u00e7\u00f5es: <a href=\"http:\/\/www.ufrb.edu.br\/prosel\">ufrb.edu.br\/prosel<\/a>.<\/p>\n","protected":false},"excerpt":{"rendered":"<p>A Universidade Federal do Rec\u00f4ncavo da Bahia (UFRB), por meio da sua Pr\u00f3-Reitoria de Gradua\u00e7\u00e3o (PROGRAD), divulga o processo seletivo com vistas \u00e0 ocupa\u00e7\u00e3o de vagas remanescentes do acesso ao segundo ciclo no semestre 2020.1. No total, s\u00e3o ofertadas 138 vagas para os cursos de gradua\u00e7\u00e3o que possuem formato de ciclos, n\u00e3o preenchidas em raz\u00e3o [&hellip;]<\/p>\n","protected":false},"author":1,"featured_media":29700,"comment_status":"closed","ping_status":"closed","sticky":false,"template":"","format":"standard","meta":{"_acf_changed":false,"footnotes":""},"categories":[8],"tags":[],"class_list":["post-29703","post","type-post","status-publish","format-standard","has-post-thumbnail","hentry","category-noticias"],"acf":[],"_links":{"self":[{"href":"https:\/\/ufrb.edu.br\/portal\/wp-json\/wp\/v2\/posts\/29703","targetHints":{"allow":["GET"]}}],"collection":[{"href":"https:\/\/ufrb.edu.br\/portal\/wp-json\/wp\/v2\/posts"}],"about":[{"href":"https:\/\/ufrb.edu.br\/portal\/wp-json\/wp\/v2\/types\/post"}],"author":[{"embeddable":true,"href":"https:\/\/ufrb.edu.br\/portal\/wp-json\/wp\/v2\/users\/1"}],"replies":[{"embeddable":true,"href":"https:\/\/ufrb.edu.br\/portal\/wp-json\/wp\/v2\/comments?post=29703"}],"version-history":[{"count":0,"href":"https:\/\/ufrb.edu.br\/portal\/wp-json\/wp\/v2\/posts\/29703\/revisions"}],"wp:featuredmedia":[{"embeddable":true,"href":"https:\/\/ufrb.edu.br\/portal\/wp-json\/wp\/v2\/media\/29700"}],"wp:attachment":[{"href":"https:\/\/ufrb.edu.br\/portal\/wp-json\/wp\/v2\/media?parent=29703"}],"wp:term":[{"taxonomy":"category","embeddable":true,"href":"https:\/\/ufrb.edu.br\/portal\/wp-json\/wp\/v2\/categories?post=29703"},{"taxonomy":"post_tag","embeddable":true,"href":"https:\/\/ufrb.edu.br\/portal\/wp-json\/wp\/v2\/tags?post=29703"}],"curies":[{"name":"wp","href":"https:\/\/api.w.org\/{rel}","templated":true}]}}