{"id":29704,"date":"2021-01-04T16:58:44","date_gmt":"2021-01-04T16:58:44","guid":{"rendered":"https:\/\/ufrb.edu.br\/2021\/01\/04\/ufrb-seleciona-22-professores-formadores-para-cursos-de-licenciaturas-ead\/"},"modified":"2021-01-04T16:58:44","modified_gmt":"2021-01-04T16:58:44","slug":"ufrb-seleciona-22-professores-formadores-para-cursos-de-licenciaturas-ead","status":"publish","type":"post","link":"https:\/\/ufrb.edu.br\/portal\/noticias\/ufrb-seleciona-22-professores-formadores-para-cursos-de-licenciaturas-ead\/","title":{"rendered":"UFRB seleciona 22 professores formadores para cursos de Licenciaturas EaD"},"content":{"rendered":"<p>A Universidade Federal do Rec\u00f4ncavo da Bahia (UFRB) abre inscri\u00e7\u00f5es para sele\u00e7\u00e3o interna de professores formadores, em car\u00e1ter tempor\u00e1rio e na condi\u00e7\u00e3o de bolsistas da Coordena\u00e7\u00e3o de Aperfei\u00e7oamento de Pessoal de N\u00edvel Superior (CAPES) para atuar nos Cursos de Licenciatura Interdisciplinar em Artes (CECULT), Licenciatura Plena em M\u00fasica Popular Brasileira (CECULT) e Licenciatura em Matem\u00e1tica (CETEC) da UFRB, desenvolvidos na modalidade a dist\u00e2ncia, com o suporte da Superintend\u00eancia de Educa\u00e7\u00e3o Aberta e a Dist\u00e2ncia (SEAD), no \u00e2mbito do Sistema Universidade Aberta do Brasil (UAB).<\/p>\n<p>Foram disponibilizadas vinte e duas vagas para Professor. A inscri\u00e7\u00e3o dever\u00e1 ser feita at\u00e9 07 de fevereiro de 2021 no endere\u00e7o <a href=\"http:\/\/www.ufrb.edu.br\/ead\/\">ufrb.edu.br\/ead<\/a>.<\/p>\n<p>A participa\u00e7\u00e3o no processo seletivo \u00e9 restrita a docentes concursados do quadro de professores do magist\u00e9rio superior da Universidade Federal do Rec\u00f4ncavo da Bahia (UFRB) que, dever\u00e3o ter disponibilidade de vinte horas semanais para desenvolver as atividades a dist\u00e2ncia e na sede da Superintend\u00eancia Educa\u00e7\u00e3o Aberta e a Dist\u00e2ncia da UFRB, Campus Cruz das Almas.<\/p>\n<p>As atividades dos professores selecionados est\u00e3o previstas para iniciarem no m\u00eas de mar\u00e7o de 2021.<\/p>\n<p><strong>Bolsas<\/strong><\/p>\n<p>O candidato selecionado receber\u00e1 a t\u00edtulo de bolsa da Universidade Aberta do Brasil (UAB), com os valores: Professor Formador I, de R$ 1.300,00 (Hum mil e trezentos reais) concedido para atua\u00e7\u00e3o em atividades t\u00edpicas de ensino, participantes de projetos de pesquisa e de desenvolvimento de metodologias de ensino na \u00e1rea de forma\u00e7\u00e3o inicial e continuada de professores de educa\u00e7\u00e3o b\u00e1sica no \u00e2mbito do Sistema UAB, sendo exigida forma\u00e7\u00e3o m\u00ednima em n\u00edvel superior e experi\u00eancia de tr\u00eas anos no magist\u00e9rio superior; e Professor Formador II, com R$ 1.100,00 (Hum mil e cem reais) concedido para atua\u00e7\u00e3o em atividades t\u00edpicas de ensino, de desenvolvimento de projetos e de pesquisa, relacionadas aos cursos e programas implantados no \u00e2mbito do Sistema UAB, exigida forma\u00e7\u00e3o m\u00ednima em n\u00edvel superior e experi\u00eancia de um ano no magist\u00e9rio superior.<\/p>\n<p>D\u00favidas e informa\u00e7\u00f5es sobre a sele\u00e7\u00e3o dever\u00e3o ser obtidas somente com membros da equipe da Educa\u00e7\u00e3o a Dist\u00e2ncia (SEAD\/UFRB), exclusivamente pelo e-mail: <a href=\"mailto:midias@sead.ufrb.edu.br\">midias@sead.ufrb.edu.br<\/a>.<\/p>\n<p><a href=\"https:\/\/www2.ufrb.edu.br\/ead\/images\/editais_2020\/Edital_SEAD_N%C2%BA17.2020_-_Professor_Formador_Licenciaturas.pdf\" target=\"_blank\" rel=\"noopener\">Edital 017\/2020<\/a>.<\/p>\n","protected":false},"excerpt":{"rendered":"<p>A Universidade Federal do Rec\u00f4ncavo da Bahia (UFRB) abre inscri\u00e7\u00f5es para sele\u00e7\u00e3o interna de professores formadores, em car\u00e1ter tempor\u00e1rio e na condi\u00e7\u00e3o de bolsistas da Coordena\u00e7\u00e3o de Aperfei\u00e7oamento de Pessoal de N\u00edvel Superior (CAPES) para atuar nos Cursos de Licenciatura Interdisciplinar em Artes (CECULT), Licenciatura Plena em M\u00fasica Popular Brasileira (CECULT) e Licenciatura em Matem\u00e1tica [&hellip;]<\/p>\n","protected":false},"author":1,"featured_media":29413,"comment_status":"closed","ping_status":"closed","sticky":false,"template":"","format":"standard","meta":{"_acf_changed":false,"footnotes":""},"categories":[8],"tags":[],"class_list":["post-29704","post","type-post","status-publish","format-standard","has-post-thumbnail","hentry","category-noticias"],"acf":[],"_links":{"self":[{"href":"https:\/\/ufrb.edu.br\/portal\/wp-json\/wp\/v2\/posts\/29704","targetHints":{"allow":["GET"]}}],"collection":[{"href":"https:\/\/ufrb.edu.br\/portal\/wp-json\/wp\/v2\/posts"}],"about":[{"href":"https:\/\/ufrb.edu.br\/portal\/wp-json\/wp\/v2\/types\/post"}],"author":[{"embeddable":true,"href":"https:\/\/ufrb.edu.br\/portal\/wp-json\/wp\/v2\/users\/1"}],"replies":[{"embeddable":true,"href":"https:\/\/ufrb.edu.br\/portal\/wp-json\/wp\/v2\/comments?post=29704"}],"version-history":[{"count":0,"href":"https:\/\/ufrb.edu.br\/portal\/wp-json\/wp\/v2\/posts\/29704\/revisions"}],"wp:featuredmedia":[{"embeddable":true,"href":"https:\/\/ufrb.edu.br\/portal\/wp-json\/wp\/v2\/media\/29413"}],"wp:attachment":[{"href":"https:\/\/ufrb.edu.br\/portal\/wp-json\/wp\/v2\/media?parent=29704"}],"wp:term":[{"taxonomy":"category","embeddable":true,"href":"https:\/\/ufrb.edu.br\/portal\/wp-json\/wp\/v2\/categories?post=29704"},{"taxonomy":"post_tag","embeddable":true,"href":"https:\/\/ufrb.edu.br\/portal\/wp-json\/wp\/v2\/tags?post=29704"}],"curies":[{"name":"wp","href":"https:\/\/api.w.org\/{rel}","templated":true}]}}