{"id":29713,"date":"2021-01-08T11:41:57","date_gmt":"2021-01-08T11:41:57","guid":{"rendered":"https:\/\/ufrb.edu.br\/2021\/01\/08\/dialogos-sobre-gestao-cultural-recebe-resumos-expandidos-ate-dia-05-de-fevereiro\/"},"modified":"2021-01-08T11:41:57","modified_gmt":"2021-01-08T11:41:57","slug":"dialogos-sobre-gestao-cultural-recebe-resumos-expandidos-ate-dia-05-de-fevereiro","status":"publish","type":"post","link":"https:\/\/ufrb.edu.br\/portal\/noticias\/dialogos-sobre-gestao-cultural-recebe-resumos-expandidos-ate-dia-05-de-fevereiro\/","title":{"rendered":"Di\u00e1logos sobre Gest\u00e3o Cultural recebe resumos expandidos at\u00e9 dia 05 de fevereiro"},"content":{"rendered":"<p><img loading=\"lazy\" decoding=\"async\" class=\" alignright size-full wp-image-29712\" src=\"http:\/\/ufrb.edu.br\/wp-content\/uploads\/2021\/01\/dialogos_noticia-f1f.jpg\" alt=\"\" align=\"right\" width=\"1024\" height=\"1024\" srcset=\"https:\/\/ufrb.edu.br\/portal\/wp-content\/uploads\/sites\/5\/2021\/01\/dialogos_noticia-f1f.jpg 1024w, https:\/\/ufrb.edu.br\/portal\/wp-content\/uploads\/sites\/5\/2021\/01\/dialogos_noticia-f1f-300x300.jpg 300w, https:\/\/ufrb.edu.br\/portal\/wp-content\/uploads\/sites\/5\/2021\/01\/dialogos_noticia-f1f-150x150.jpg 150w, https:\/\/ufrb.edu.br\/portal\/wp-content\/uploads\/sites\/5\/2021\/01\/dialogos_noticia-f1f-768x768.jpg 768w\" sizes=\"auto, (max-width: 1024px) 100vw, 1024px\" \/><\/p>\n<p>Criado com o prop\u00f3sito de debater a gest\u00e3o cultural a partir de m\u00faltiplas perspectivas e de uma forma cr\u00edtica, o Ciclo de Debates Di\u00e1logos sobre Gest\u00e3o Cultural promove pela primeira vez uma chamada de trabalhos. At\u00e9 o dia 5 de fevereiro, os interessados podem submeter propostas de resumos expandidos que ser\u00e3o apresentados na 7\u00aa edi\u00e7\u00e3o do evento, a ser realizada entre os dias 1\u00ba e 3 de mar\u00e7o por meio de transmiss\u00f5es ao vivo.<\/p>\n<p>Visando contemplar as quest\u00f5es contempor\u00e2neas que t\u00eam afetado o campo da cultura, ser\u00e3o aceitos trabalhos que possuam v\u00ednculo com os seguintes eixos tem\u00e1ticos: Gest\u00e3o cultural, identidades e territ\u00f3rios; Gest\u00e3o de espa\u00e7os culturais; Gest\u00e3o cultural e liberdade de cria\u00e7\u00e3o; Gest\u00e3o cultural e insurg\u00eancias contempor\u00e2neas e Gest\u00e3o cultural no contexto da pandemia.<\/p>\n<p>A chamada n\u00e3o se restringe a pesquisas acad\u00eamicas. A inscri\u00e7\u00e3o \u00e9 gratuita e os resumos devem conter de 1.000 a 1.500 palavras. \u00c9 necess\u00e1rio preencher um formul\u00e1rio e utilizar um template para realizar a submiss\u00e3o. Ambos est\u00e3o dispon\u00edveis no link: <a href=\"https:\/\/www.coletivogestaocultural.com\/submiss%C3%A3o-de-trabalhos-7%C2%AAedi%C3%A7%C3%A3o-202\">bit.ly\/ChamadadeResumos<\/a>. Para que o trabalho completo seja publicado nos anais do evento, o texto deve ser enviado para o email <a href=\"mailto:dialogosobregestaocultural@gmail.com\">dialogosobregestaocultural@gmail.com<\/a> at\u00e9 o dia 15 de abril. Mais detalhes sobre a submiss\u00e3o podem ser acessados no site <a href=\"https:\/\/www.coletivogestaocultural.com\/\">coletivogestaocultural.com<\/a>.<\/p>\n<p>Nesta edi\u00e7\u00e3o, o Di\u00e1logos amplia seu alcance e re\u00fane profissionais de v\u00e1rias cidades brasileiras para partilhar experi\u00eancias e pesquisas sobre temas como espa\u00e7os culturais acess\u00edveis, gest\u00e3o contracolonial da cultura e das artes, intersec\u00e7\u00f5es poss\u00edveis na gest\u00e3o cultural e redes de mulheres gestoras.<\/p>\n<p>O evento \u00e9 uma realiza\u00e7\u00e3o do Coletivo Gest\u00e3o Cultural, que re\u00fane docentes e discentes do Centro de Cultura, Linguagens e Tecnologias Aplicadas (CECULT) da Universidade Federal do Rec\u00f4ncavo da Bahia (UFRB) e da Faculdade de Comunica\u00e7\u00e3o (FACOM) e do Instituto de Humanidades, Artes e Ci\u00eancias (IHAC) da Universidade Federal da Bahia (UFBA). A s\u00e9tima edi\u00e7\u00e3o ser\u00e1 realizada com o apoio da Coordena\u00e7\u00e3o de Aperfei\u00e7oamento de Pessoal de N\u00edvel Superior (CAPES).<\/p>\n","protected":false},"excerpt":{"rendered":"<p>Criado com o prop\u00f3sito de debater a gest\u00e3o cultural a partir de m\u00faltiplas perspectivas e de uma forma cr\u00edtica, o Ciclo de Debates Di\u00e1logos sobre Gest\u00e3o Cultural promove pela primeira vez uma chamada de trabalhos. At\u00e9 o dia 5 de fevereiro, os interessados podem submeter propostas de resumos expandidos que ser\u00e3o apresentados na 7\u00aa edi\u00e7\u00e3o [&hellip;]<\/p>\n","protected":false},"author":1,"featured_media":29711,"comment_status":"closed","ping_status":"closed","sticky":false,"template":"","format":"standard","meta":{"_acf_changed":false,"footnotes":""},"categories":[8],"tags":[],"class_list":["post-29713","post","type-post","status-publish","format-standard","has-post-thumbnail","hentry","category-noticias"],"acf":[],"_links":{"self":[{"href":"https:\/\/ufrb.edu.br\/portal\/wp-json\/wp\/v2\/posts\/29713","targetHints":{"allow":["GET"]}}],"collection":[{"href":"https:\/\/ufrb.edu.br\/portal\/wp-json\/wp\/v2\/posts"}],"about":[{"href":"https:\/\/ufrb.edu.br\/portal\/wp-json\/wp\/v2\/types\/post"}],"author":[{"embeddable":true,"href":"https:\/\/ufrb.edu.br\/portal\/wp-json\/wp\/v2\/users\/1"}],"replies":[{"embeddable":true,"href":"https:\/\/ufrb.edu.br\/portal\/wp-json\/wp\/v2\/comments?post=29713"}],"version-history":[{"count":0,"href":"https:\/\/ufrb.edu.br\/portal\/wp-json\/wp\/v2\/posts\/29713\/revisions"}],"wp:featuredmedia":[{"embeddable":true,"href":"https:\/\/ufrb.edu.br\/portal\/wp-json\/wp\/v2\/media\/29711"}],"wp:attachment":[{"href":"https:\/\/ufrb.edu.br\/portal\/wp-json\/wp\/v2\/media?parent=29713"}],"wp:term":[{"taxonomy":"category","embeddable":true,"href":"https:\/\/ufrb.edu.br\/portal\/wp-json\/wp\/v2\/categories?post=29713"},{"taxonomy":"post_tag","embeddable":true,"href":"https:\/\/ufrb.edu.br\/portal\/wp-json\/wp\/v2\/tags?post=29713"}],"curies":[{"name":"wp","href":"https:\/\/api.w.org\/{rel}","templated":true}]}}