{"id":29718,"date":"2021-01-20T12:37:06","date_gmt":"2021-01-20T12:37:06","guid":{"rendered":"https:\/\/ufrb.edu.br\/2021\/01\/20\/ascom-assessoria-de-comunicacao\/"},"modified":"2021-01-20T12:37:06","modified_gmt":"2021-01-20T12:37:06","slug":"ascom-assessoria-de-comunicacao","status":"publish","type":"post","link":"https:\/\/ufrb.edu.br\/portal\/noticias\/ascom-assessoria-de-comunicacao\/","title":{"rendered":"ASCOM &#8211; Assessoria de Comunica\u00e7\u00e3o"},"content":{"rendered":"<p>A Assessoria de Comunica\u00e7\u00e3o (ASCOM) da Universidade Federal do Rec\u00f4ncavo da Bahia (UFRB)&nbsp;\u00e9 o \u00f3rg\u00e3o de apoio e assessoramento da Reitoria nas \u00e1reas de Imprensa, Publicidade e Propaganda, Rela\u00e7\u00f5es P\u00fablicas, Internet e Produ\u00e7\u00e3o Audiovisual.<\/p>\n<p>A ASCOM \u00e9 respons\u00e1vel pela coordena\u00e7\u00e3o da pol\u00edtica de comunica\u00e7\u00e3o da Universidade, para os p\u00fablicos interno e externo, em todas as etapas: planejamento e defini\u00e7\u00e3o de estrat\u00e9gia das a\u00e7\u00f5es, execu\u00e7\u00e3o, e atividades de monitoramento e avalia\u00e7\u00e3o.<\/p>\n<p>Coordena as atividades de divulga\u00e7\u00e3o dos assuntos da Universidade para a comunidade acad\u00eamica e tamb\u00e9m para os meios de comunica\u00e7\u00e3o de alcance local e nacional, incluindo jornais, revistas, r\u00e1dios, emissoras de televis\u00e3o e a m\u00eddia especializada da Internet, al\u00e9m do atendimento \u00e0 imprensa em geral.<\/p>\n<div class=\"row\">&nbsp;<\/div>\n","protected":false},"excerpt":{"rendered":"<p>A Assessoria de Comunica\u00e7\u00e3o (ASCOM) da Universidade Federal do Rec\u00f4ncavo da Bahia (UFRB)&nbsp;\u00e9 o \u00f3rg\u00e3o de apoio e assessoramento da Reitoria nas \u00e1reas de Imprensa, Publicidade e Propaganda, Rela\u00e7\u00f5es P\u00fablicas, Internet e Produ\u00e7\u00e3o Audiovisual. A ASCOM \u00e9 respons\u00e1vel pela coordena\u00e7\u00e3o da pol\u00edtica de comunica\u00e7\u00e3o da Universidade, para os p\u00fablicos interno e externo, em todas as [&hellip;]<\/p>\n","protected":false},"author":1,"featured_media":0,"comment_status":"closed","ping_status":"closed","sticky":false,"template":"","format":"standard","meta":{"_acf_changed":false,"footnotes":""},"categories":[8],"tags":[],"class_list":["post-29718","post","type-post","status-publish","format-standard","hentry","category-noticias"],"acf":[],"_links":{"self":[{"href":"https:\/\/ufrb.edu.br\/portal\/wp-json\/wp\/v2\/posts\/29718","targetHints":{"allow":["GET"]}}],"collection":[{"href":"https:\/\/ufrb.edu.br\/portal\/wp-json\/wp\/v2\/posts"}],"about":[{"href":"https:\/\/ufrb.edu.br\/portal\/wp-json\/wp\/v2\/types\/post"}],"author":[{"embeddable":true,"href":"https:\/\/ufrb.edu.br\/portal\/wp-json\/wp\/v2\/users\/1"}],"replies":[{"embeddable":true,"href":"https:\/\/ufrb.edu.br\/portal\/wp-json\/wp\/v2\/comments?post=29718"}],"version-history":[{"count":0,"href":"https:\/\/ufrb.edu.br\/portal\/wp-json\/wp\/v2\/posts\/29718\/revisions"}],"wp:attachment":[{"href":"https:\/\/ufrb.edu.br\/portal\/wp-json\/wp\/v2\/media?parent=29718"}],"wp:term":[{"taxonomy":"category","embeddable":true,"href":"https:\/\/ufrb.edu.br\/portal\/wp-json\/wp\/v2\/categories?post=29718"},{"taxonomy":"post_tag","embeddable":true,"href":"https:\/\/ufrb.edu.br\/portal\/wp-json\/wp\/v2\/tags?post=29718"}],"curies":[{"name":"wp","href":"https:\/\/api.w.org\/{rel}","templated":true}]}}