{"id":29851,"date":"2021-03-15T16:14:05","date_gmt":"2021-03-15T16:14:05","guid":{"rendered":"https:\/\/ufrb.edu.br\/2021\/03\/15\/cetec-abre-inscricoes-para-programa-de-monitoria-voluntaria-ate-dia-16\/"},"modified":"2021-03-15T16:14:05","modified_gmt":"2021-03-15T16:14:05","slug":"cetec-abre-inscricoes-para-programa-de-monitoria-voluntaria-ate-dia-16","status":"publish","type":"post","link":"https:\/\/ufrb.edu.br\/portal\/noticias\/cetec-abre-inscricoes-para-programa-de-monitoria-voluntaria-ate-dia-16\/","title":{"rendered":"CETEC abre inscri\u00e7\u00f5es para Programa de Monitoria Volunt\u00e1ria at\u00e9 dia 16"},"content":{"rendered":"<p>O Centro de Ci\u00eancias Exatas e Tecnol\u00f3gicas (CETEC) da Universidade Federal do Rec\u00f4ncavo da Bahia (UFRB) informa que est\u00e3o abertas at\u00e9 o dia 16 de mar\u00e7o as inscri\u00e7\u00f5es do Programa de Monitoria Volunt\u00e1ria para o Semestre 2020.1.<\/p>\n<p>Ao todo, s\u00e3o ofertadas 27 vagas no processo seletivo do Programa de Monitoria Volunt\u00e1ria e Remunerada.<\/p>\n<p>Os interessados devem fazer sua inscri\u00e7\u00e3o para cada componente curricular de seu interesse preenchendo o formul\u00e1rio:&nbsp;<a href=\"https:\/\/forms.gle\/gRNnU7kwBHMNC4HFA\">https:\/\/forms.gle\/gRNnU7kwBHMNC4HFA<\/a>.<a href=\"https:\/\/forms.gle\/EC1rr8n5SpkvamfQ9\"><br \/> <\/a><\/p>\n<p>Para se inscrever \u00e9 necess\u00e1rio o candidato ser estudante devidamente matriculado no semestre 2020.1; comprovar aprova\u00e7\u00e3o com nota igual ou superior a 6,0 no componente curricular de refer\u00eancia para aquele que deseja se candidatar; e dispor de aparelhos eletr\u00f4nicos compat\u00edveis (desktop, notebook ou tablet, entre outros) e acesso \u00e0 Internet com velocidade e qualidade necess\u00e1rias para o desempenho adequado das suas atribui\u00e7\u00f5es.<\/p>\n<p>Os candidatos podem se inscrever em mais de um componente curricular, mas s\u00f3 poder\u00e3o assumir a monitoria de um deles, caso sejam selecionados.<\/p>\n<p>A sele\u00e7\u00e3o constar\u00e1 de tr\u00eas etapas: prova de conhecimentos b\u00e1sicos referente ao componente curricular pleiteado, entrevista e an\u00e1lise do Hist\u00f3rico Escolar, a serem realizadas no per\u00edodo de 17 a 19 de mar\u00e7o. Os hor\u00e1rios de prova ser\u00e3o divulgados no dia 17 de mar\u00e7o, juntamente com a homologa\u00e7\u00e3o das inscri\u00e7\u00f5es.<\/p>\n<p>O resultado final ser\u00e1 divulgado no site do CETEC at\u00e9 20 de mar\u00e7o. Os candidatos aprovados dever\u00e3o enviar at\u00e9 o dia 22 de mar\u00e7o a documenta\u00e7\u00e3o necess\u00e1ria \u00e0 inscri\u00e7\u00e3o no Programa de Monitoria para o e-mail&nbsp;<strong><a href=\"mailto:monitoria@cetec.ufrb.edu.br\">monitoria@cetec.ufrb.edu.br<\/a><\/strong>.&nbsp;<\/p>\n<p>A carga hor\u00e1ria do monitor volunt\u00e1rio \u00e9 de 8 horas semanais.&nbsp;<\/p>\n<p><a href=\"http:\/\/ufrb.edu.br\/wp-content\/uploads\/2021\/03\/20210312145158_Edital_Interno_CETEC__02_2021-25b.pdf\" target=\"_blank\" rel=\"noopener\">Edital Interno n\u00ba 02\/2021<\/a>.<\/p>\n","protected":false},"excerpt":{"rendered":"<p>O Centro de Ci\u00eancias Exatas e Tecnol\u00f3gicas (CETEC) da Universidade Federal do Rec\u00f4ncavo da Bahia (UFRB) informa que est\u00e3o abertas at\u00e9 o dia 16 de mar\u00e7o as inscri\u00e7\u00f5es do Programa de Monitoria Volunt\u00e1ria para o Semestre 2020.1. Ao todo, s\u00e3o ofertadas 27 vagas no processo seletivo do Programa de Monitoria Volunt\u00e1ria e Remunerada. Os interessados [&hellip;]<\/p>\n","protected":false},"author":1,"featured_media":29849,"comment_status":"closed","ping_status":"closed","sticky":false,"template":"","format":"standard","meta":{"_acf_changed":false,"footnotes":""},"categories":[8],"tags":[],"class_list":["post-29851","post","type-post","status-publish","format-standard","has-post-thumbnail","hentry","category-noticias"],"acf":[],"_links":{"self":[{"href":"https:\/\/ufrb.edu.br\/portal\/wp-json\/wp\/v2\/posts\/29851","targetHints":{"allow":["GET"]}}],"collection":[{"href":"https:\/\/ufrb.edu.br\/portal\/wp-json\/wp\/v2\/posts"}],"about":[{"href":"https:\/\/ufrb.edu.br\/portal\/wp-json\/wp\/v2\/types\/post"}],"author":[{"embeddable":true,"href":"https:\/\/ufrb.edu.br\/portal\/wp-json\/wp\/v2\/users\/1"}],"replies":[{"embeddable":true,"href":"https:\/\/ufrb.edu.br\/portal\/wp-json\/wp\/v2\/comments?post=29851"}],"version-history":[{"count":0,"href":"https:\/\/ufrb.edu.br\/portal\/wp-json\/wp\/v2\/posts\/29851\/revisions"}],"wp:featuredmedia":[{"embeddable":true,"href":"https:\/\/ufrb.edu.br\/portal\/wp-json\/wp\/v2\/media\/29849"}],"wp:attachment":[{"href":"https:\/\/ufrb.edu.br\/portal\/wp-json\/wp\/v2\/media?parent=29851"}],"wp:term":[{"taxonomy":"category","embeddable":true,"href":"https:\/\/ufrb.edu.br\/portal\/wp-json\/wp\/v2\/categories?post=29851"},{"taxonomy":"post_tag","embeddable":true,"href":"https:\/\/ufrb.edu.br\/portal\/wp-json\/wp\/v2\/tags?post=29851"}],"curies":[{"name":"wp","href":"https:\/\/api.w.org\/{rel}","templated":true}]}}