{"id":29866,"date":"2021-03-23T16:36:53","date_gmt":"2021-03-23T16:36:53","guid":{"rendered":"https:\/\/ufrb.edu.br\/2021\/03\/23\/ufrb-inaugura-laboratorio-de-diagnostico-molecular-da-covid-19-no-ccs\/"},"modified":"2021-03-23T16:36:53","modified_gmt":"2021-03-23T16:36:53","slug":"ufrb-inaugura-laboratorio-de-diagnostico-molecular-da-covid-19-no-ccs","status":"publish","type":"post","link":"https:\/\/ufrb.edu.br\/portal\/noticias\/ufrb-inaugura-laboratorio-de-diagnostico-molecular-da-covid-19-no-ccs\/","title":{"rendered":"UFRB inaugura Laborat\u00f3rio de Diagn\u00f3stico Molecular da COVID-19 no CCS"},"content":{"rendered":"<p><img loading=\"lazy\" decoding=\"async\" class=\" size-full wp-image-29865\" src=\"http:\/\/ufrb.edu.br\/wp-content\/uploads\/2021\/03\/Inauguracao_Lab_Covid-feed-81f.jpeg\" alt=\"\" width=\"1024\" height=\"1280\" srcset=\"https:\/\/ufrb.edu.br\/portal\/wp-content\/uploads\/sites\/5\/2021\/03\/Inauguracao_Lab_Covid-feed-81f.jpeg 1024w, https:\/\/ufrb.edu.br\/portal\/wp-content\/uploads\/sites\/5\/2021\/03\/Inauguracao_Lab_Covid-feed-81f-240x300.jpeg 240w, https:\/\/ufrb.edu.br\/portal\/wp-content\/uploads\/sites\/5\/2021\/03\/Inauguracao_Lab_Covid-feed-81f-819x1024.jpeg 819w, https:\/\/ufrb.edu.br\/portal\/wp-content\/uploads\/sites\/5\/2021\/03\/Inauguracao_Lab_Covid-feed-81f-768x960.jpeg 768w\" sizes=\"auto, (max-width: 1024px) 100vw, 1024px\" \/><\/p>\n<p><em><\/em>O Laborat\u00f3rio de Diagn\u00f3stico Molecular da COVID-19, instalado pela Universidade Federal do Rec\u00f4ncavo da Bahia (UFRB), no Centro de Ci\u00eancias da Sa\u00fade (CCS), em Santo Ant\u00f4nio de Jesus, est\u00e1 concluso com o conjunto de equipamentos e insumos necess\u00e1rios ao seu funcionamento, devidamente implementados.<\/p>\n<p>A inaugura\u00e7\u00e3o do Laborat\u00f3rio vai acontecer no pr\u00f3ximo dia 05 de abril (segunda-feira), \u00e0s 15h, com <a href=\"https:\/\/www.youtube.com\/watch?v=Nputo_qeze8\">transmiss\u00e3o pela TV UFRB<\/a>.<\/p>\n<p>Nele ser\u00e3o realizados testes de diagn\u00f3stico por RT-qPCR, considerado uma&nbsp;t\u00e9cnica padr\u00e3o ouro para o diagn\u00f3stico da COVID-19<strong>,&nbsp;<\/strong>de acordo com o Minist\u00e9rio da Sa\u00fade e a Organiza\u00e7\u00e3o Mundial da Sa\u00fade (OMS) assim como ser\u00e3o realizados estudos de Vigil\u00e2ncia Gen\u00f4mica e Epidemiologia Molecular. O Laborat\u00f3rio poder\u00e1, ap\u00f3s implanta\u00e7\u00e3o plena e com capacidade m\u00e1xima, realizar testes cl\u00ednicos de at\u00e9 cento e cinquenta&nbsp;amostras di\u00e1rias.<\/p>\n<p>Todas as etapas para a instala\u00e7\u00e3o do Laborat\u00f3rio, apesar da excessiva burocracia estatal, foram realizadas em tempo recorde com obten\u00e7\u00e3o de Alvar\u00e1 Sanit\u00e1rio, Cadastro Nacional de Estabelecimentos de Sa\u00fade (CNES) e habilita\u00e7\u00e3o junto ao LACEN\/BA. Outro entrave encontrado foram as compras de equipamentos e insumos, escassos e disputados pelo mundo inteiro, durante a pandemia do novo coronav\u00edrus. A informa\u00e7\u00e3o \u00e9 do coordenador&nbsp;do Laborat\u00f3rio de Diagn\u00f3stico Molecular da COVID-19, professor doutor em Doen\u00e7as Infecciosas,&nbsp;Fernando Vicentini.<\/p>\n<p>Para agilizar a implanta\u00e7\u00e3o do Laborat\u00f3rio, a UFRB ampliou e adaptou a estrutura do Laborat\u00f3rio de Virologia que j\u00e1 existia na institui\u00e7\u00e3o em Santo Ant\u00f4nio de Jesus. Esse Laborat\u00f3rio j\u00e1 atuava na realiza\u00e7\u00e3o de projetos de pesquisa e extens\u00e3o em diarreias virais e HPV, o&nbsp;papilomav\u00edrus humano, infec\u00e7\u00e3o sexualmente transmiss\u00edvel em homens e mulheres.<\/p>\n<p>Entre os equipamentos especializados que a UFRB adquiriu est\u00e3o: Extrator automatizado de RNA e DNA (sistema automatizado que realiza procedimento utilizando micropart\u00edculas magn\u00e9ticas); cabines de seguran\u00e7a biol\u00f3gica (usadas como conten\u00e7\u00e3o prim\u00e1ria no trabalho com agentes de risco&nbsp;biol\u00f3gico, minimizando a exposi\u00e7\u00e3o do operador, do produto e do ambiente); Quantificador de DNA tipo Nanodrop (equipamento que&nbsp;quantifica a concentra\u00e7\u00e3o de DNA, RNA e prote\u00ednas nas amostras); Centr\u00edfugas refrigeradas (utilizada em pesquisas cl\u00ednicas, engenharia gen\u00e9tica, microbiologia, hospitais, bancos de sangue ou onde necessite manter a temperatura controlada), microcentr\u00edfugas (tem como&nbsp;principal fun\u00e7\u00e3o separar as amostras) e de placas; conjuntos de micropipetas autom\u00e1ticas (cuja&nbsp;principal funcionalidade \u00e9 realizar a medi\u00e7\u00e3o de l\u00edquidos com precis\u00e3o),&nbsp;bloco t\u00e9rmico digital entre outros.<\/p>\n<p>O Laborat\u00f3rio tem ainda termociclador em tempo real (que \u00e9 usado na&nbsp;rotina de laborat\u00f3rios para fazer milh\u00f5es ou bilh\u00f5es de c\u00f3pias de DNA que s\u00e3o de interesse do pesquisador. Essa t\u00e9cnica pode ser aplicada na identifica\u00e7\u00e3o gen\u00e9tica, an\u00e1lises cl\u00ednicas, diagn\u00f3stico de doen\u00e7as, entre outras), que foi emprestado do Centro de Ci\u00eancias Agr\u00e1rias, Ambientais e Biol\u00f3gicas (CCAAB) da UFRB. Em produtos consum\u00edveis, a UFRB adquiriu&nbsp;Equipamentos de Prote\u00e7\u00e3o Individual&nbsp;(EPI\u00b4s) e reagentes.<\/p>\n<p>Com esses equipamentos e insumos a equipe do Laborat\u00f3rio pode \u201cextrair o \u00e1cido nucl\u00e9ico de qualquer v\u00edrus e de todos os seres vivos e pode-se realizar a t\u00e9cnica do diagn\u00f3stico molecular da COVID-19, a partir da t\u00e9cnica de PCR em tempo real\u201d, explica o professor e pesquisador Fernando Vicentini.<\/p>\n<p>O Laborat\u00f3rio tamb\u00e9m tem a capacidade de purificar e quantificar o material gen\u00e9tico viral e encaminhar aos laborat\u00f3rios parceiros para realizar o sequenciamento gen\u00e9tico. \u201cS\u00e3o t\u00e9cnicas necess\u00e1rias para diagn\u00f3stico e an\u00e1lise da evolu\u00e7\u00e3o viral\u201d, diz Vicentini. \u201cElas se complementam as t\u00e9cnicas que j\u00e1 faz\u00edamos como a eletroforese em gel de poliacrilamida para v\u00edrus de RNA fita dupla e PCR convencional\u201d. A eletroforese em gel de poliacrilamida \u00e9 uma t\u00e9cnica amplamente utilizada em bioqu\u00edmica, qu\u00edmica forense, gen\u00e9tica, biologia molecular e biotecnologia para separar macromol\u00e9culas biol\u00f3gicas, geralmente prote\u00ednas ou \u00e1cidos nucleicos, de acordo com sua mobilidade eletrofor\u00e9tica t\u00e9cnica de separa\u00e7\u00e3o que se baseia no princ\u00edpio de migra\u00e7\u00e3o de \u00edons em um campo el\u00e9trico).<\/p>\n<p><strong>Parcerias institucionais<\/strong><\/p>\n<p>O Laborat\u00f3rio de Diagn\u00f3stico Molecular da COVID-19, em parceria com a equipe de pesquisadores do Instituto Gon\u00e7alo Moniz (Fiocruz\/BA), <a href=\"https:\/\/ufrb.edu.br\/portal\/2021\/02\/26\/ufrb-e-parceiros-realizam-testes-de-covid-19-em-comunidades-quilombolas\/\">executou testagem em massa em popula\u00e7\u00f5es vulner\u00e1veis no munic\u00edpio de Cachoeira<\/a>.<\/p>\n<p>Foram atendidas comunidades quilombolas da Bacia e do Vale do Iguape e popula\u00e7\u00f5es de terreiro de matriz africana na regi\u00e3o central do munic\u00edpio. Foram coletadas amostras de sangue e swab nasofar\u00edngeo de aproximadamente 600 pessoas. \u201cAs amostras foram processadas pelo IGM e os resultados encaminhados \u00e0 Secretaria Municipal de Sa\u00fade daquele munic\u00edpio para encaminhamentos cab\u00edveis de enfrentamento \u00e0 pandemia\u201d, informa Fernando Vicentini.&nbsp;<\/p>\n<p><strong>Envolvimento de unidades<\/strong><\/p>\n<p>A implanta\u00e7\u00e3o do Laborat\u00f3rio foi realizada por uma equipe multiprofissional e interdisciplinar \u2013 que contempla biom\u00e9dicos (respons\u00e1veis t\u00e9cnicos), profissionais ligados ao trabalho de campo, articula\u00e7\u00e3o com munic\u00edpios, an\u00e1lises laboratoriais e tecnologia da informa\u00e7\u00e3o.<\/p>\n<p>Vicentini destacou o apoio institucional da Reitoria da UFRB, e de suas pr\u00f3-reitorias de Extens\u00e3o (PROEXT), de Administra\u00e7\u00e3o (PROAD), de Planejamento (PROPLAN) e de Pesquisa, P\u00f3s-Gradua\u00e7\u00e3o, Cria\u00e7\u00e3o e Inova\u00e7\u00e3o (PPGCI).<\/p>\n<p>Al\u00e9m destes setores da Administra\u00e7\u00e3o Central, \u00e9 preciso destacar a colabora\u00e7\u00e3o da Coordena\u00e7\u00e3o do Complexo Multidisciplinar em Estudos e Pesquisas em Sa\u00fade (COMEPS), do N\u00facleo de Gest\u00e3o T\u00e9cnico Espec\u00edfico (NUGTESP) e da Ger\u00eancia T\u00e9cnica Administrativa do CCS que fizeram parte da comiss\u00e3o de implanta\u00e7\u00e3o do laborat\u00f3rio no Centro de Ci\u00eancias da Sa\u00fade.<\/p>\n<p>O Laborat\u00f3rio \u00e9 a base de projetos de extens\u00e3o e pesquisa vocacionados ao diagn\u00f3stico precoce das infec\u00e7\u00f5es pelo COVID-19 ou SARS-CoV-2 em profissionais de estabelecimentos de sa\u00fade em munic\u00edpios da regi\u00e3o de abrang\u00eancia da UFRB, em seus tr\u00eas territ\u00f3rios de abrang\u00eancia, com atendimento de rotina para munic\u00edpios da Regional de Sa\u00fade Leste, os quais est\u00e3o sob jurisdi\u00e7\u00e3o sanit\u00e1ria compat\u00edvel com a localiza\u00e7\u00e3o do laborat\u00f3rio.<\/p>\n<p>Uma das \u00faltimas etapas para o funcionamento do Laborat\u00f3rio de Diagn\u00f3stico Molecular da COVID-19 foi a habilita\u00e7\u00e3o oficial do \u00f3rg\u00e3o regulador no Estado, o&nbsp;Laborat\u00f3rio Central de Sa\u00fade P\u00fablica Professor Gon\u00e7alo Moniz (LACEN\/BA).<\/p>\n","protected":false},"excerpt":{"rendered":"<p>O Laborat\u00f3rio de Diagn\u00f3stico Molecular da COVID-19, instalado pela Universidade Federal do Rec\u00f4ncavo da Bahia (UFRB), no Centro de Ci\u00eancias da Sa\u00fade (CCS), em Santo Ant\u00f4nio de Jesus, est\u00e1 concluso com o conjunto de equipamentos e insumos necess\u00e1rios ao seu funcionamento, devidamente implementados. A inaugura\u00e7\u00e3o do Laborat\u00f3rio vai acontecer no pr\u00f3ximo dia 05 de abril [&hellip;]<\/p>\n","protected":false},"author":1,"featured_media":29864,"comment_status":"closed","ping_status":"closed","sticky":false,"template":"","format":"standard","meta":{"_acf_changed":false,"footnotes":""},"categories":[8],"tags":[],"class_list":["post-29866","post","type-post","status-publish","format-standard","has-post-thumbnail","hentry","category-noticias"],"acf":[],"_links":{"self":[{"href":"https:\/\/ufrb.edu.br\/portal\/wp-json\/wp\/v2\/posts\/29866","targetHints":{"allow":["GET"]}}],"collection":[{"href":"https:\/\/ufrb.edu.br\/portal\/wp-json\/wp\/v2\/posts"}],"about":[{"href":"https:\/\/ufrb.edu.br\/portal\/wp-json\/wp\/v2\/types\/post"}],"author":[{"embeddable":true,"href":"https:\/\/ufrb.edu.br\/portal\/wp-json\/wp\/v2\/users\/1"}],"replies":[{"embeddable":true,"href":"https:\/\/ufrb.edu.br\/portal\/wp-json\/wp\/v2\/comments?post=29866"}],"version-history":[{"count":0,"href":"https:\/\/ufrb.edu.br\/portal\/wp-json\/wp\/v2\/posts\/29866\/revisions"}],"wp:featuredmedia":[{"embeddable":true,"href":"https:\/\/ufrb.edu.br\/portal\/wp-json\/wp\/v2\/media\/29864"}],"wp:attachment":[{"href":"https:\/\/ufrb.edu.br\/portal\/wp-json\/wp\/v2\/media?parent=29866"}],"wp:term":[{"taxonomy":"category","embeddable":true,"href":"https:\/\/ufrb.edu.br\/portal\/wp-json\/wp\/v2\/categories?post=29866"},{"taxonomy":"post_tag","embeddable":true,"href":"https:\/\/ufrb.edu.br\/portal\/wp-json\/wp\/v2\/tags?post=29866"}],"curies":[{"name":"wp","href":"https:\/\/api.w.org\/{rel}","templated":true}]}}