{"id":29901,"date":"2021-04-15T04:01:41","date_gmt":"2021-04-15T04:01:41","guid":{"rendered":"https:\/\/ufrb.edu.br\/2021\/04\/15\/ufrb-abre-inscricoes-para-selecao-de-32-colaboradores-para-o-upt-2021\/"},"modified":"2021-04-15T04:01:41","modified_gmt":"2021-04-15T04:01:41","slug":"ufrb-abre-inscricoes-para-selecao-de-32-colaboradores-para-o-upt-2021","status":"publish","type":"post","link":"https:\/\/ufrb.edu.br\/portal\/noticias\/ufrb-abre-inscricoes-para-selecao-de-32-colaboradores-para-o-upt-2021\/","title":{"rendered":"UFRB abre inscri\u00e7\u00f5es para sele\u00e7\u00e3o de 32 colaboradores para o UPT 2021"},"content":{"rendered":"<p><img loading=\"lazy\" decoding=\"async\" class=\" size-full wp-image-29900\" src=\"http:\/\/ufrb.edu.br\/wp-content\/uploads\/2021\/04\/upt-ufrb-feed-ff7.png\" alt=\"\" width=\"1080\" height=\"1080\" srcset=\"https:\/\/ufrb.edu.br\/portal\/wp-content\/uploads\/sites\/5\/2021\/04\/upt-ufrb-feed-ff7.png 1080w, https:\/\/ufrb.edu.br\/portal\/wp-content\/uploads\/sites\/5\/2021\/04\/upt-ufrb-feed-ff7-300x300.png 300w, https:\/\/ufrb.edu.br\/portal\/wp-content\/uploads\/sites\/5\/2021\/04\/upt-ufrb-feed-ff7-1024x1024.png 1024w, https:\/\/ufrb.edu.br\/portal\/wp-content\/uploads\/sites\/5\/2021\/04\/upt-ufrb-feed-ff7-150x150.png 150w, https:\/\/ufrb.edu.br\/portal\/wp-content\/uploads\/sites\/5\/2021\/04\/upt-ufrb-feed-ff7-768x768.png 768w\" sizes=\"auto, (max-width: 1080px) 100vw, 1080px\" \/><\/p>\n<p>A Universidade Federal do Rec\u00f4ncavo da Bahia (UFRB), por meio da Pr\u00f3-Reitoria de Extens\u00e3o (PROEXT), torna p\u00fablica a sele\u00e7\u00e3o para inscri\u00e7\u00f5es&nbsp;de colaboradores para o&nbsp;<a href=\"https:\/\/www.ufrb.edu.br\/upt\/\">Programa Universidade para Todos<\/a>. As candidaturas devem ser feitas at\u00e9 o dia 21 de abril.<\/p>\n<p>O&nbsp;<a href=\"https:\/\/ufrb.edu.br\/proext\/components\/com_chronoforms5\/chronoforms\/uploads\/documentoprosel\/20210414082133_EDITAL_n_03.2021_-_Equipe_Administrativa.pdf\">Edital 03\/2021<\/a>&nbsp;visa a oferta de 11 vagas para estudantes de gradua\u00e7\u00e3o ou p\u00f3s-gradua\u00e7\u00e3o da UFRB. A bolsa ter\u00e1 a vig\u00eancia de 06 meses, com previs\u00e3o para in\u00edcio em maio de 2021. Os estudantes selecionados v\u00e3o prestar aux\u00edlio \u00e0 coordena\u00e7\u00e3o geral do UPT \u2013 UFRB, e atuar\u00e3o em munic\u00edpios da \u00e1rea de abrang\u00eancia da Universidade. As candidaturas devem ser feitas, exclusivamente, por meio de&nbsp;<a href=\"https:\/\/docs.google.com\/forms\/d\/1cqvLqhyd30f42r7KvtGa6UQXH7J68eFqR_q_INR2kFw\/viewform?gxids=7628&amp;edit_requested=true\">formul\u00e1rio online<\/a>.<\/p>\n<p>J\u00e1 o&nbsp;<a href=\"https:\/\/ufrb.edu.br\/proext\/components\/com_chronoforms5\/chronoforms\/uploads\/documentoprosel\/20210414092923_EDITAL_n_04.2021_-_Equipe_Pedaggica.pdf\">Edital 04\/2021<\/a>&nbsp;oferta 10 vagas para docentes de gradua\u00e7\u00e3o ou p\u00f3s-gradua\u00e7\u00e3o da UFRB e 11 vagas para estudantes de gradua\u00e7\u00e3o ou p\u00f3s-gradua\u00e7\u00e3o da UFRB. Neste caso, os docentes v\u00e3o atuar na coordena\u00e7\u00e3o das \u00e1reas do conhecimento em que o UPT atua, e os discentes como monitores. O per\u00edodo de vig\u00eancia ser\u00e1 de 06 meses, e o in\u00edcio das atividades est\u00e1 previsto para maio. As candidaturas devem ser feitas, exclusivamente, por meio de&nbsp;<a href=\"https:\/\/docs.google.com\/forms\/d\/1pMjxJ_rXrUpG2Xws7QktXnTj9BBPg6Wn0zlLWEBI7sE\/viewform?gxids=7628&amp;edit_requested=true\">formul\u00e1rio online<\/a>.<\/p>\n<p><strong>Projeto Universidade para Todos &#8211;<\/strong>&nbsp;O Projeto Universidade para Todos tem por objeto a prepara\u00e7\u00e3o de alunos, que est\u00e3o cursando o 3\u00ba ano do Ensino M\u00e9dio da Rede P\u00fablica do Estado da Bahia e egressos, para o processo seletivo de acesso ao Ensino Superior, por meio de aulas ministradas por estudantes de universidades p\u00fablicas baianas que atuar\u00e3o na condi\u00e7\u00e3o de monitores sob a coordena\u00e7\u00e3o de professores da Universidade federal do Rec\u00f4ncavo da Bahia.<\/p>\n<p>Mais informa\u00e7\u00f5es no site&nbsp;<a href=\"http:\/\/www.ufrb.edu.br\/proext\">ufrb.edu.br\/proext<\/a>.<\/p>\n","protected":false},"excerpt":{"rendered":"<p>A Universidade Federal do Rec\u00f4ncavo da Bahia (UFRB), por meio da Pr\u00f3-Reitoria de Extens\u00e3o (PROEXT), torna p\u00fablica a sele\u00e7\u00e3o para inscri\u00e7\u00f5es&nbsp;de colaboradores para o&nbsp;Programa Universidade para Todos. As candidaturas devem ser feitas at\u00e9 o dia 21 de abril. O&nbsp;Edital 03\/2021&nbsp;visa a oferta de 11 vagas para estudantes de gradua\u00e7\u00e3o ou p\u00f3s-gradua\u00e7\u00e3o da UFRB. A bolsa [&hellip;]<\/p>\n","protected":false},"author":1,"featured_media":29899,"comment_status":"closed","ping_status":"closed","sticky":false,"template":"","format":"standard","meta":{"_acf_changed":false,"footnotes":""},"categories":[8],"tags":[],"class_list":["post-29901","post","type-post","status-publish","format-standard","has-post-thumbnail","hentry","category-noticias"],"acf":[],"_links":{"self":[{"href":"https:\/\/ufrb.edu.br\/portal\/wp-json\/wp\/v2\/posts\/29901","targetHints":{"allow":["GET"]}}],"collection":[{"href":"https:\/\/ufrb.edu.br\/portal\/wp-json\/wp\/v2\/posts"}],"about":[{"href":"https:\/\/ufrb.edu.br\/portal\/wp-json\/wp\/v2\/types\/post"}],"author":[{"embeddable":true,"href":"https:\/\/ufrb.edu.br\/portal\/wp-json\/wp\/v2\/users\/1"}],"replies":[{"embeddable":true,"href":"https:\/\/ufrb.edu.br\/portal\/wp-json\/wp\/v2\/comments?post=29901"}],"version-history":[{"count":0,"href":"https:\/\/ufrb.edu.br\/portal\/wp-json\/wp\/v2\/posts\/29901\/revisions"}],"wp:featuredmedia":[{"embeddable":true,"href":"https:\/\/ufrb.edu.br\/portal\/wp-json\/wp\/v2\/media\/29899"}],"wp:attachment":[{"href":"https:\/\/ufrb.edu.br\/portal\/wp-json\/wp\/v2\/media?parent=29901"}],"wp:term":[{"taxonomy":"category","embeddable":true,"href":"https:\/\/ufrb.edu.br\/portal\/wp-json\/wp\/v2\/categories?post=29901"},{"taxonomy":"post_tag","embeddable":true,"href":"https:\/\/ufrb.edu.br\/portal\/wp-json\/wp\/v2\/tags?post=29901"}],"curies":[{"name":"wp","href":"https:\/\/api.w.org\/{rel}","templated":true}]}}