{"id":29918,"date":"2021-04-22T12:19:10","date_gmt":"2021-04-22T12:19:10","guid":{"rendered":"https:\/\/ufrb.edu.br\/2021\/04\/22\/ufrb-oferece-30-vagas-para-pos-graduacao-em-politica-e-gestao-cultural\/"},"modified":"2021-04-22T12:19:10","modified_gmt":"2021-04-22T12:19:10","slug":"ufrb-oferece-30-vagas-para-pos-graduacao-em-politica-e-gestao-cultural","status":"publish","type":"post","link":"https:\/\/ufrb.edu.br\/portal\/noticias\/ufrb-oferece-30-vagas-para-pos-graduacao-em-politica-e-gestao-cultural\/","title":{"rendered":"UFRB oferece 30 vagas para p\u00f3s-gradua\u00e7\u00e3o em Pol\u00edtica e Gest\u00e3o Cultural"},"content":{"rendered":"<p><img loading=\"lazy\" decoding=\"async\" class=\" size-full wp-image-29916\" src=\"http:\/\/ufrb.edu.br\/wp-content\/uploads\/2021\/04\/esp-cultura-4b2.png\" alt=\"\" width=\"900\" height=\"900\" srcset=\"https:\/\/ufrb.edu.br\/portal\/wp-content\/uploads\/sites\/5\/2021\/04\/esp-cultura-4b2.png 900w, https:\/\/ufrb.edu.br\/portal\/wp-content\/uploads\/sites\/5\/2021\/04\/esp-cultura-4b2-300x300.png 300w, https:\/\/ufrb.edu.br\/portal\/wp-content\/uploads\/sites\/5\/2021\/04\/esp-cultura-4b2-150x150.png 150w, https:\/\/ufrb.edu.br\/portal\/wp-content\/uploads\/sites\/5\/2021\/04\/esp-cultura-4b2-768x768.png 768w\" sizes=\"auto, (max-width: 900px) 100vw, 900px\" \/><\/p>\n<p>A Universidade Federal do Rec\u00f4ncavo da Bahia (UFRB) abre processo seletivo para ingresso de interessados no Curso de P\u00f3s-Gradua\u00e7\u00e3o&nbsp;em Pol\u00edtica e Gest\u00e3o Cultural, em n\u00edvel de especializa\u00e7\u00e3o, com aulas previstas para iniciar em agosto pr\u00f3ximo, no semestre letivo 2021.2.<\/p>\n<p>As inscri\u00e7\u00f5es acontecem no <a href=\"https:\/\/sistemas.ufrb.edu.br\/sigaa\/public\/processo_seletivo\/lista.jsf\" target=\"_blank\" rel=\"noopener\">Sistema Integrado de Gest\u00e3o de Atividades Acad\u00eamicas (SIGAA)<\/a> at\u00e9 o dia 21 de maio, mediante o preenchimento de formul\u00e1rio e anexa\u00e7\u00e3o da documenta\u00e7\u00e3o exigida no <a href=\"http:\/\/ufrb.edu.br\/wp-content\/uploads\/2021\/04\/PPGCI_Edital_Selecao_-_politica_e_gestao_cultural_20ABRIL_2021-FINAL_1_1-81c.pdf\" target=\"_blank\" rel=\"noopener\">Edital 01\/2021.<\/a><\/p>\n<p>Haver\u00e1 o pagamento da taxa de inscri\u00e7\u00e3o no valor de 55,00 (cinquenta e cinco reais), realizado no Banco do Brasil, via GRU (Guia de Recolhimento da Uni\u00e3o). Os pedidos de isen\u00e7\u00e3o da taxa de inscri\u00e7\u00e3o ser\u00e3o analisados at\u00e9 o pr\u00f3ximo dia 29 de abril.<\/p>\n<p>S\u00e3o oferecidas trinta vagas, incluindo cotistas. O curso ser\u00e1 ministrado pelo Centro de Cultura, Linguagens e Tecnologias Aplicadas (CECULT), em Santo Amaro, com apoio da Pr\u00f3-Reitoria de Pesquisa, P\u00f3s-Gradua\u00e7\u00e3o, Cria\u00e7\u00e3o e Inova\u00e7\u00e3o (PPGCI).<\/p>\n<p>O curso destina-se a profissionais de n\u00edvel superior com gradua\u00e7\u00e3o em qualquer \u00e1rea e que atuem no campo da pol\u00edtica e da gest\u00e3o da cultura, como gestores de \u00f3rg\u00e3os, espa\u00e7os, coletivos culturais e institui\u00e7\u00f5es p\u00fablicas, privadas e da sociedade civil, conselheiros de cultura, produtores culturais e artistas em geral. Os candidatos estrangeiros somente poder\u00e3o participar do processo seletivo com o diploma devidamente revalidado no Brasil.<\/p>\n<p>Os objetivos do curso de especializa\u00e7\u00e3o s\u00e3o de contribuir para a forma\u00e7\u00e3o de profissionais, a partir de uma perspectiva interdisciplinar, para atuar no campo da organiza\u00e7\u00e3o da cultura, capacitando-os para a pr\u00e1ticas que envolvam formula\u00e7\u00e3o, an\u00e1lise e execu\u00e7\u00e3o de pol\u00edticas culturais e a gest\u00e3o de grupos, projetos culturais, institui\u00e7\u00f5es p\u00fablicas, privadas e da sociedade civil; e contribuir para suprir a lacuna de forma\u00e7\u00e3o profissional na \u00e1rea da cultura.<\/p>\n<p>Tamb\u00e9m s\u00e3o objetivos do curso, propiciar aos estudantes uma s\u00f3lida forma\u00e7\u00e3o te\u00f3rica, metodol\u00f3gica e pr\u00e1tica no campo da pol\u00edtica e da gest\u00e3o da cultura; contribuir para a profissionaliza\u00e7\u00e3o, e consequentemente, para o fortalecimento do campo da cultura, especialmente nos Territ\u00f3rios de Identidade do Rec\u00f4ncavo, Portal do Sert\u00e3o e Vale do Jiquiri\u00e7\u00e1, mediante a capacita\u00e7\u00e3o de seus principais atores sociais; e colaborar para a dinamiza\u00e7\u00e3o econ\u00f4mica no campo da cultural, especialmente nos&nbsp; Territ\u00f3rios de Identidade do Rec\u00f4ncavo, Portal do Sert\u00e3o e Vale do Jiquiri\u00e7\u00e1, atrav\u00e9s da gera\u00e7\u00e3o em potencial de emprego e renda no campo das pol\u00edticas e da gest\u00e3o cultural.<\/p>\n<p><strong>Sele\u00e7\u00e3o<\/strong><\/p>\n<p>O processo de sele\u00e7\u00e3o incluir\u00e1 duas etapas: An\u00e1lise de Curr\u00edculo e Carta de Inten\u00e7\u00f5es, ambos com car\u00e1ter eliminat\u00f3rio. A pr\u00f3xima etapa \u00e9 a Entrevista, de car\u00e1ter classificat\u00f3rio, observando o m\u00e9rito do interessado quanto \u00e0 ader\u00eancia da sua trajet\u00f3ria com as atividades do Curso, pertin\u00eancia dos interesses pelo curso quanto ao seu desenvolvimento profissional e acad\u00eamico, relev\u00e2ncia de sua atua\u00e7\u00e3o no territ\u00f3rio, em redes, comunidades e setores art\u00edstico-culturais.&nbsp;<\/p>\n<p>A nota m\u00ednima para que o candidato seja classificado no exame de sele\u00e7\u00e3o \u00e9 7,0 (sete).<\/p>\n<p>O resultado do processo seletivo ser\u00e1 divulgado em <a href=\"https:\/\/www2.ufrb.edu.br\/pgcult\/\">www2.ufrb.edu.br\/pgcult<\/a>.<\/p>\n<p><a href=\"https:\/\/sistemas.ufrb.edu.br\/sigaa\/public\/processo_seletivo\/lista.jsf\" target=\"_blank\" rel=\"noopener\">Inscri\u00e7\u00f5es no SIGAA.<\/a><\/p>\n<p><a href=\"http:\/\/ufrb.edu.br\/wp-content\/uploads\/2021\/04\/PPGCI_Edital_Selecao_-_politica_e_gestao_cultural_20ABRIL_2021-FINAL_1_1-81c.pdf\" target=\"_blank\" rel=\"noopener\">Edital de sele\u00e7\u00e3o em Pol\u00edticas e Gest\u00e3o Cultural N\u00ba 01\/2021<\/a>.<\/p>\n<p>Mais informa\u00e7\u00f5es em <a href=\"https:\/\/www2.ufrb.edu.br\/pgcult\/\">www2.ufrb.edu.br\/pgcult<\/a>.<\/p>\n","protected":false},"excerpt":{"rendered":"<p>A Universidade Federal do Rec\u00f4ncavo da Bahia (UFRB) abre processo seletivo para ingresso de interessados no Curso de P\u00f3s-Gradua\u00e7\u00e3o&nbsp;em Pol\u00edtica e Gest\u00e3o Cultural, em n\u00edvel de especializa\u00e7\u00e3o, com aulas previstas para iniciar em agosto pr\u00f3ximo, no semestre letivo 2021.2. As inscri\u00e7\u00f5es acontecem no Sistema Integrado de Gest\u00e3o de Atividades Acad\u00eamicas (SIGAA) at\u00e9 o dia 21 [&hellip;]<\/p>\n","protected":false},"author":1,"featured_media":29915,"comment_status":"closed","ping_status":"closed","sticky":false,"template":"","format":"standard","meta":{"_acf_changed":false,"footnotes":""},"categories":[8],"tags":[],"class_list":["post-29918","post","type-post","status-publish","format-standard","has-post-thumbnail","hentry","category-noticias"],"acf":[],"_links":{"self":[{"href":"https:\/\/ufrb.edu.br\/portal\/wp-json\/wp\/v2\/posts\/29918","targetHints":{"allow":["GET"]}}],"collection":[{"href":"https:\/\/ufrb.edu.br\/portal\/wp-json\/wp\/v2\/posts"}],"about":[{"href":"https:\/\/ufrb.edu.br\/portal\/wp-json\/wp\/v2\/types\/post"}],"author":[{"embeddable":true,"href":"https:\/\/ufrb.edu.br\/portal\/wp-json\/wp\/v2\/users\/1"}],"replies":[{"embeddable":true,"href":"https:\/\/ufrb.edu.br\/portal\/wp-json\/wp\/v2\/comments?post=29918"}],"version-history":[{"count":0,"href":"https:\/\/ufrb.edu.br\/portal\/wp-json\/wp\/v2\/posts\/29918\/revisions"}],"wp:featuredmedia":[{"embeddable":true,"href":"https:\/\/ufrb.edu.br\/portal\/wp-json\/wp\/v2\/media\/29915"}],"wp:attachment":[{"href":"https:\/\/ufrb.edu.br\/portal\/wp-json\/wp\/v2\/media?parent=29918"}],"wp:term":[{"taxonomy":"category","embeddable":true,"href":"https:\/\/ufrb.edu.br\/portal\/wp-json\/wp\/v2\/categories?post=29918"},{"taxonomy":"post_tag","embeddable":true,"href":"https:\/\/ufrb.edu.br\/portal\/wp-json\/wp\/v2\/tags?post=29918"}],"curies":[{"name":"wp","href":"https:\/\/api.w.org\/{rel}","templated":true}]}}