{"id":29929,"date":"2021-04-27T21:04:17","date_gmt":"2021-04-27T21:04:17","guid":{"rendered":"https:\/\/ufrb.edu.br\/2021\/04\/27\/ufrb-realiza-pesquisa-online-com-egressos-dos-cursos-de-graduacao\/"},"modified":"2021-04-27T21:04:17","modified_gmt":"2021-04-27T21:04:17","slug":"ufrb-realiza-pesquisa-online-com-egressos-dos-cursos-de-graduacao","status":"publish","type":"post","link":"https:\/\/ufrb.edu.br\/portal\/noticias\/ufrb-realiza-pesquisa-online-com-egressos-dos-cursos-de-graduacao\/","title":{"rendered":"UFRB realiza pesquisa online com egressos dos cursos de gradua\u00e7\u00e3o"},"content":{"rendered":"<p><img loading=\"lazy\" decoding=\"async\" class=\" size-full wp-image-29928\" src=\"http:\/\/ufrb.edu.br\/wp-content\/uploads\/2021\/04\/pesquisa_alunos3-66e.png\" alt=\"\" width=\"1080\" height=\"1350\" srcset=\"https:\/\/ufrb.edu.br\/portal\/wp-content\/uploads\/sites\/5\/2021\/04\/pesquisa_alunos3-66e.png 1080w, https:\/\/ufrb.edu.br\/portal\/wp-content\/uploads\/sites\/5\/2021\/04\/pesquisa_alunos3-66e-240x300.png 240w, https:\/\/ufrb.edu.br\/portal\/wp-content\/uploads\/sites\/5\/2021\/04\/pesquisa_alunos3-66e-819x1024.png 819w, https:\/\/ufrb.edu.br\/portal\/wp-content\/uploads\/sites\/5\/2021\/04\/pesquisa_alunos3-66e-768x960.png 768w\" sizes=\"auto, (max-width: 1080px) 100vw, 1080px\" \/><\/p>\n<p>A Universidade Federal do Rec\u00f4ncavo da Bahia (UFRB) est\u00e1 realizando uma pesquisa de opini\u00e3o entre os egressos de gradua\u00e7\u00e3o, no formato online.<\/p>\n<p>O tempo m\u00e9dio de resposta da pesquisa \u00e9 de cinco minutos, dispon\u00edvel no link&nbsp;<a href=\"https:\/\/bit.ly\/2QAkoMw\">https:\/\/bit.ly\/2QAkoMw<\/a>.<\/p>\n<p>A pesquisa est\u00e1 sendo coordenada pelo N\u00facleo de Ensino, Integra\u00e7\u00e3o e \u00caxito Acad\u00eamico (NUEIAC) da Pr\u00f3-Reitoria de Gradua\u00e7\u00e3o (PROGRAD) da UFRB.<\/p>\n<p>Segundo o N\u00facleo, o objetivo da pesquisa \u00e9 identificar&nbsp;o perfil do egresso, sua situa\u00e7\u00e3o profissional, buscando dessa forma, entender mais sobre a adequa\u00e7\u00e3o entre a forma\u00e7\u00e3o ofertada e as exig\u00eancias do mercado de trabalho. Outro ponto que ser\u00e1 abordado \u00e9 sobre como se d\u00e1 a continuidade da forma\u00e7\u00e3o dos discentes que j\u00e1 passaram pela UFRB.<\/p>\n<p><strong>&nbsp;<\/strong>Os resultados da pesquisa v\u00e3o orientar as pol\u00edticas de gradua\u00e7\u00e3o da UFRB.<\/p>\n<p>O formul\u00e1rio da pesquisa est\u00e1 dispon\u00edvel em:&nbsp;<a href=\"http:\/\/bit.ly\/UFRBcm\">htt<\/a><a href=\"https:\/\/bit.ly\/2QAkoMw\">https:\/\/bit.ly\/2QAkoMw<\/a><a href=\"http:\/\/bit.ly\/UFRBcm\"><\/a><\/p>\n","protected":false},"excerpt":{"rendered":"<p>A Universidade Federal do Rec\u00f4ncavo da Bahia (UFRB) est\u00e1 realizando uma pesquisa de opini\u00e3o entre os egressos de gradua\u00e7\u00e3o, no formato online. O tempo m\u00e9dio de resposta da pesquisa \u00e9 de cinco minutos, dispon\u00edvel no link&nbsp;https:\/\/bit.ly\/2QAkoMw. A pesquisa est\u00e1 sendo coordenada pelo N\u00facleo de Ensino, Integra\u00e7\u00e3o e \u00caxito Acad\u00eamico (NUEIAC) da Pr\u00f3-Reitoria de Gradua\u00e7\u00e3o (PROGRAD) [&hellip;]<\/p>\n","protected":false},"author":1,"featured_media":29927,"comment_status":"closed","ping_status":"closed","sticky":false,"template":"","format":"standard","meta":{"_acf_changed":false,"footnotes":""},"categories":[8],"tags":[],"class_list":["post-29929","post","type-post","status-publish","format-standard","has-post-thumbnail","hentry","category-noticias"],"acf":[],"_links":{"self":[{"href":"https:\/\/ufrb.edu.br\/portal\/wp-json\/wp\/v2\/posts\/29929","targetHints":{"allow":["GET"]}}],"collection":[{"href":"https:\/\/ufrb.edu.br\/portal\/wp-json\/wp\/v2\/posts"}],"about":[{"href":"https:\/\/ufrb.edu.br\/portal\/wp-json\/wp\/v2\/types\/post"}],"author":[{"embeddable":true,"href":"https:\/\/ufrb.edu.br\/portal\/wp-json\/wp\/v2\/users\/1"}],"replies":[{"embeddable":true,"href":"https:\/\/ufrb.edu.br\/portal\/wp-json\/wp\/v2\/comments?post=29929"}],"version-history":[{"count":0,"href":"https:\/\/ufrb.edu.br\/portal\/wp-json\/wp\/v2\/posts\/29929\/revisions"}],"wp:featuredmedia":[{"embeddable":true,"href":"https:\/\/ufrb.edu.br\/portal\/wp-json\/wp\/v2\/media\/29927"}],"wp:attachment":[{"href":"https:\/\/ufrb.edu.br\/portal\/wp-json\/wp\/v2\/media?parent=29929"}],"wp:term":[{"taxonomy":"category","embeddable":true,"href":"https:\/\/ufrb.edu.br\/portal\/wp-json\/wp\/v2\/categories?post=29929"},{"taxonomy":"post_tag","embeddable":true,"href":"https:\/\/ufrb.edu.br\/portal\/wp-json\/wp\/v2\/tags?post=29929"}],"curies":[{"name":"wp","href":"https:\/\/api.w.org\/{rel}","templated":true}]}}