{"id":30086,"date":"2021-07-09T16:49:42","date_gmt":"2021-07-09T16:49:42","guid":{"rendered":"https:\/\/ufrb.edu.br\/2021\/07\/09\/ufrb-seleciona-professores-e-tutores-para-curso-de-especializacao-a-distancia\/"},"modified":"2021-07-09T16:49:42","modified_gmt":"2021-07-09T16:49:42","slug":"ufrb-seleciona-professores-e-tutores-para-curso-de-especializacao-a-distancia","status":"publish","type":"post","link":"https:\/\/ufrb.edu.br\/portal\/noticias\/ufrb-seleciona-professores-e-tutores-para-curso-de-especializacao-a-distancia\/","title":{"rendered":"UFRB seleciona professores e tutores para curso de especializa\u00e7\u00e3o a dist\u00e2ncia"},"content":{"rendered":"<p>A Universidade Federal do Rec\u00f4ncavo da Bahia (UFRB) anuncia dois processos seletivos distintos para contrata\u00e7\u00e3o de professores e de tutores para o curso de Especializa\u00e7\u00e3o em Educa\u00e7\u00e3o e Tecnologias Digitais, na modalidade a dist\u00e2ncia, do Sistema Universidade Aberta do Brasil (UAB). S\u00e3o oferecidas sete vagas para professor e seis para o cadastro de reserva de tutor.<\/p>\n<p><strong>Sele\u00e7\u00e3o de Professores<\/strong><\/p>\n<p>A exig\u00eancia do edital para contrata\u00e7\u00e3o de professor \u00e9 de que o postulante seja professor da carreira do magist\u00e9rio superior na UFRB; possua titula\u00e7\u00e3o em curso de P\u00f3s-gradua\u00e7\u00e3o Stricto Sensu reconhecido pelo Minist\u00e9rio da Educa\u00e7\u00e3o na \u00e1rea do componente optado; possua experi\u00eancia de doc\u00eancia no componente optado; possua, no m\u00ednimo, um ano de exerc\u00edcio docente em Ensino Superior; e n\u00e3o esteja recebendo bolsas da Coordena\u00e7\u00e3o de Aperfei\u00e7oamento de Pessoal de N\u00edvel Superior (CAPES).<\/p>\n<p>O candidato selecionado receber\u00e1 a t\u00edtulo de bolsa da Universidade Aberta do Brasil (UAB) como Professor Formador I, no valor de R$ 1.300,00 (Hum mil e trezentos reais) concedido para atua\u00e7\u00e3o em atividades t\u00edpicas de ensino, participantes de projetos de pesquisa e de desenvolvimento de metodologias de ensino na \u00e1rea de forma\u00e7\u00e3o inicial e continuada de professores de educa\u00e7\u00e3o b\u00e1sica no \u00e2mbito do Sistema UAB, sendo exigida forma\u00e7\u00e3o m\u00ednima em n\u00edvel superior e experi\u00eancia de tr\u00eas anos no magist\u00e9rio superior; ou como Professor Formador II, no valor de R$ 1.100,00 (Hum mil e cem reais) concedido para atua\u00e7\u00e3o em atividades t\u00edpicas de ensino, de desenvolvimento de projetos e de pesquisa, relacionadas aos cursos e programas implantados no \u00e2mbito do Sistema UAB, exigida forma\u00e7\u00e3o m\u00ednima em n\u00edvel superior e experi\u00eancia de um ano no magist\u00e9rio superior.<\/p>\n<p>Os candidatos convocados dever\u00e3o ter disponibilidade de 20 (vinte) horas semanais para desenvolver as atividades a dist\u00e2ncia e na sede da Superintend\u00eancia Educa\u00e7\u00e3o Aberta e a Dist\u00e2ncia da UFRB, em Cruz das Almas.<\/p>\n<p>As inscri\u00e7\u00f5es acontecem at\u00e9 14 de julho, no endere\u00e7o <a href=\"https:\/\/www2.ufrb.edu.br\/ead\/editais\/456-edital-sead-n-07-2021-professor-esp-edutec\">ufrb.edu.br\/ead<\/a>.<\/p>\n<p><strong>Sele\u00e7\u00e3o de Cadastro de Reserva de Tutores<\/strong><\/p>\n<p>Para o processo seletivo de tutoria ser\u00e3o disponibilizadas em car\u00e1ter de cadastro reserva seis vagas para atua\u00e7\u00e3o nos ambientes virtuais de aprendizagem e nos polos de Feira de Santana, Amargosa, Rio Real, Valen\u00e7a e Itabuna. O processo seletivo destina-se a prover uma vaga para cada grupo de 25 alunos distribu\u00eddos nos polos. As inscri\u00e7\u00f5es ocorrem at\u00e9 14 de julho, no endere\u00e7o <a href=\"https:\/\/www2.ufrb.edu.br\/ead\/editais\/454-edital-sead-n-06-2021-selecao-de-cadastro-de-reserva-para-tutores-a-distancia-para-especializacao-edutec\">ufrb.edu.br\/ead\/<\/a>.<\/p>\n<p>O tutor de Polo Presencial receber\u00e1 uma bolsa no valor de R$ 765,00 (setecentos e sessenta e cinco reais), concedido para atua\u00e7\u00e3o em atividades t\u00edpicas de ensino, participantes de projetos de pesquisa e de desenvolvimento de metodologias de ensino na \u00e1rea de forma\u00e7\u00e3o inicial e continuada de professores de educa\u00e7\u00e3o b\u00e1sica no \u00e2mbito do Sistema UAB, sendo exigida experi\u00eancia de um ano no magist\u00e9rio b\u00e1sico ou superior e n\u00e3o estar recebendo bolsas CAPES (Coordena\u00e7\u00e3o de Aperfei\u00e7oamento de Pessoal de N\u00edvel Superior).<\/p>\n<p>Confira os editais:<\/p>\n<p><a href=\"https:\/\/www2.ufrb.edu.br\/ead\/images\/editais_2021\/Edital_SEAD_N%C2%BA_07.2021_-_Professores_para_o_curso_de_esp._em_tecnologias.pdf\" target=\"_blank\" rel=\"noopener\">Edital SEAD N\u00ba 07\/2021 &#8211; Sele\u00e7\u00e3o de Profissionais para Atuar como Professor no curso de Especializa\u00e7\u00e3o em Educa\u00e7\u00e3o e Tecnologias Digitais. <\/a><\/p>\n<p><a href=\"https:\/\/www2.ufrb.edu.br\/ead\/images\/editais_2021\/Edital_SEAD_N%C2%BA_06.2021_-_Selecao_de_Tutores_para_o_curso_de_Esp._Educacao_e_Tecnologias.pdf\" target=\"_blank\" rel=\"noopener\">Edital CECULT N\u00ba 06\/2021 &#8211; Sele\u00e7\u00e3o de cadastro reserva de tutores a dist\u00e2ncia do curso de Especializa\u00e7\u00e3o em Educa\u00e7\u00e3o e Tecnologias Digitais.<\/a><\/p>\n<p>Mais informa\u00e7\u00f5es sobre a sele\u00e7\u00e3o de professores pelo e-mail midias@sead.ufrb.edu.br.<\/p>\n<p>Mais informa\u00e7\u00f5es sobre a sele\u00e7\u00e3o de tutores exclusivamente pelo e-mail&nbsp;edu.tecnologiasdigitais@cecult.ufrb.edu.br.<\/p>\n","protected":false},"excerpt":{"rendered":"<p>A Universidade Federal do Rec\u00f4ncavo da Bahia (UFRB) anuncia dois processos seletivos distintos para contrata\u00e7\u00e3o de professores e de tutores para o curso de Especializa\u00e7\u00e3o em Educa\u00e7\u00e3o e Tecnologias Digitais, na modalidade a dist\u00e2ncia, do Sistema Universidade Aberta do Brasil (UAB). S\u00e3o oferecidas sete vagas para professor e seis para o cadastro de reserva de [&hellip;]<\/p>\n","protected":false},"author":1,"featured_media":29413,"comment_status":"closed","ping_status":"closed","sticky":false,"template":"","format":"standard","meta":{"_acf_changed":false,"footnotes":""},"categories":[8],"tags":[],"class_list":["post-30086","post","type-post","status-publish","format-standard","has-post-thumbnail","hentry","category-noticias"],"acf":[],"_links":{"self":[{"href":"https:\/\/ufrb.edu.br\/portal\/wp-json\/wp\/v2\/posts\/30086","targetHints":{"allow":["GET"]}}],"collection":[{"href":"https:\/\/ufrb.edu.br\/portal\/wp-json\/wp\/v2\/posts"}],"about":[{"href":"https:\/\/ufrb.edu.br\/portal\/wp-json\/wp\/v2\/types\/post"}],"author":[{"embeddable":true,"href":"https:\/\/ufrb.edu.br\/portal\/wp-json\/wp\/v2\/users\/1"}],"replies":[{"embeddable":true,"href":"https:\/\/ufrb.edu.br\/portal\/wp-json\/wp\/v2\/comments?post=30086"}],"version-history":[{"count":0,"href":"https:\/\/ufrb.edu.br\/portal\/wp-json\/wp\/v2\/posts\/30086\/revisions"}],"wp:featuredmedia":[{"embeddable":true,"href":"https:\/\/ufrb.edu.br\/portal\/wp-json\/wp\/v2\/media\/29413"}],"wp:attachment":[{"href":"https:\/\/ufrb.edu.br\/portal\/wp-json\/wp\/v2\/media?parent=30086"}],"wp:term":[{"taxonomy":"category","embeddable":true,"href":"https:\/\/ufrb.edu.br\/portal\/wp-json\/wp\/v2\/categories?post=30086"},{"taxonomy":"post_tag","embeddable":true,"href":"https:\/\/ufrb.edu.br\/portal\/wp-json\/wp\/v2\/tags?post=30086"}],"curies":[{"name":"wp","href":"https:\/\/api.w.org\/{rel}","templated":true}]}}