{"id":30089,"date":"2021-07-09T21:04:56","date_gmt":"2021-07-09T21:04:56","guid":{"rendered":"https:\/\/ufrb.edu.br\/2021\/07\/09\/pet-cinema-abre-inscricoes-para-a-revista-cinemas-ate-30-de-setembro\/"},"modified":"2021-07-09T21:04:56","modified_gmt":"2021-07-09T21:04:56","slug":"pet-cinema-abre-inscricoes-para-a-revista-cinemas-ate-30-de-setembro","status":"publish","type":"post","link":"https:\/\/ufrb.edu.br\/portal\/noticias\/pet-cinema-abre-inscricoes-para-a-revista-cinemas-ate-30-de-setembro\/","title":{"rendered":"PET Cinema abre inscri\u00e7\u00f5es para a revista + Cinemas at\u00e9 30 de setembro"},"content":{"rendered":"<p><img loading=\"lazy\" decoding=\"async\" class=\" size-full wp-image-30088\" src=\"http:\/\/ufrb.edu.br\/wp-content\/uploads\/2021\/07\/Revista_Cinemas_-799.jpg\" alt=\"\" width=\"1080\" height=\"1080\" srcset=\"https:\/\/ufrb.edu.br\/portal\/wp-content\/uploads\/sites\/5\/2021\/07\/Revista_Cinemas_-799.jpg 1080w, https:\/\/ufrb.edu.br\/portal\/wp-content\/uploads\/sites\/5\/2021\/07\/Revista_Cinemas_-799-300x300.jpg 300w, https:\/\/ufrb.edu.br\/portal\/wp-content\/uploads\/sites\/5\/2021\/07\/Revista_Cinemas_-799-1024x1024.jpg 1024w, https:\/\/ufrb.edu.br\/portal\/wp-content\/uploads\/sites\/5\/2021\/07\/Revista_Cinemas_-799-150x150.jpg 150w, https:\/\/ufrb.edu.br\/portal\/wp-content\/uploads\/sites\/5\/2021\/07\/Revista_Cinemas_-799-768x768.jpg 768w\" sizes=\"auto, (max-width: 1080px) 100vw, 1080px\" \/><\/p>\n<p>O PET Cinema UFRB (Universidade Federal do Rec\u00f4ncavo da Bahia) divulga a abertura da chamada da 8\u00aa edi\u00e7\u00e3o da revista + Cinemas, com o tema \u201cCorpos e Identidades de Crian\u00e7as e Jovens no Audiovisual\u201d.<\/p>\n<p>O PET Cinema UFRB \u00e9 o \u00fanico Programa de Educa\u00e7\u00e3o Tutorial (PET) de curso de cinema e\/ou audiovisual, dentre as mais de 800 unidades no territ\u00f3rio brasileiro.<\/p>\n<p>Os interessados em participar da publica\u00e7\u00e3o podem inscrever artigos e fotografias para a composi\u00e7\u00e3o da pr\u00f3xima edi\u00e7\u00e3o at\u00e9 o pr\u00f3ximo dia 30 de setembro.<\/p>\n<p>O intuito da publica\u00e7\u00e3o \u00e9 reunir artigos frutos de an\u00e1lises f\u00edlmicas, ensaios te\u00f3ricos ou pesquisas emp\u00edricas. Os textos n\u00e3o precisam ser in\u00e9ditos. Os materiais inscritos ser\u00e3o posteriormente submetidos a uma comiss\u00e3o avaliadora.<\/p>\n<p>A submiss\u00e3o de Artigos acontece pelo link <a href=\"https:\/\/forms.gle\/wdHAg7EM2RQ76Qso8\">forms.gle\/wdHAg7EM2RQ76Qso8<\/a>.<\/p>\n<p>As fotos submetidas pelos interessados que forem selecionadas far\u00e3o parte da capa e da contracapa da revista. A submiss\u00e3o de fotografias acontece pelo link<\/p>\n<p><a href=\"https:\/\/forms.gle\/wdHAg7EM2RQ76Qso8\">forms.gle\/wdHAg7EM2RQ76Qso8<\/a>.<\/p>\n<p><strong>Tem\u00e1tica<\/strong><\/p>\n<p>A inf\u00e2ncia e a juventude s\u00e3o momentos de extrema import\u00e2ncia para a forma\u00e7\u00e3o do indiv\u00edduo social. Compreendendo o cinema e o audiovisual como um dos agentes influenciadores nesse processo de constru\u00e7\u00e3o emocional, pessoal, psicol\u00f3gica e cognitiva, este ano \u201cestamos interessados, especialmente, em refletir sobre a rela\u00e7\u00e3o da crian\u00e7a e do jovem com seus corpos e suas identidades, e de que forma essas constru\u00e7\u00f5es, externas e internas, transformam os espa\u00e7os, inclusive o audiovisual\u201d, explicam os organizadores da revista.<\/p>\n<p>Mais em <a href=\"https:\/\/www2.ufrb.edu.br\/cinema\/pet-cinema\">ufrb.edu.br\/cinema\/pet-cinema<\/a>.<\/p>\n<p>E-mail:&nbsp;<a href=\"mailto:petcinemaufrb@gmail.com\">petcinemaufrb@gmail.com<\/a>.<\/p>\n","protected":false},"excerpt":{"rendered":"<p>O PET Cinema UFRB (Universidade Federal do Rec\u00f4ncavo da Bahia) divulga a abertura da chamada da 8\u00aa edi\u00e7\u00e3o da revista + Cinemas, com o tema \u201cCorpos e Identidades de Crian\u00e7as e Jovens no Audiovisual\u201d. O PET Cinema UFRB \u00e9 o \u00fanico Programa de Educa\u00e7\u00e3o Tutorial (PET) de curso de cinema e\/ou audiovisual, dentre as mais [&hellip;]<\/p>\n","protected":false},"author":1,"featured_media":30087,"comment_status":"closed","ping_status":"closed","sticky":false,"template":"","format":"standard","meta":{"_acf_changed":false,"footnotes":""},"categories":[8],"tags":[],"class_list":["post-30089","post","type-post","status-publish","format-standard","has-post-thumbnail","hentry","category-noticias"],"acf":[],"_links":{"self":[{"href":"https:\/\/ufrb.edu.br\/portal\/wp-json\/wp\/v2\/posts\/30089","targetHints":{"allow":["GET"]}}],"collection":[{"href":"https:\/\/ufrb.edu.br\/portal\/wp-json\/wp\/v2\/posts"}],"about":[{"href":"https:\/\/ufrb.edu.br\/portal\/wp-json\/wp\/v2\/types\/post"}],"author":[{"embeddable":true,"href":"https:\/\/ufrb.edu.br\/portal\/wp-json\/wp\/v2\/users\/1"}],"replies":[{"embeddable":true,"href":"https:\/\/ufrb.edu.br\/portal\/wp-json\/wp\/v2\/comments?post=30089"}],"version-history":[{"count":0,"href":"https:\/\/ufrb.edu.br\/portal\/wp-json\/wp\/v2\/posts\/30089\/revisions"}],"wp:featuredmedia":[{"embeddable":true,"href":"https:\/\/ufrb.edu.br\/portal\/wp-json\/wp\/v2\/media\/30087"}],"wp:attachment":[{"href":"https:\/\/ufrb.edu.br\/portal\/wp-json\/wp\/v2\/media?parent=30089"}],"wp:term":[{"taxonomy":"category","embeddable":true,"href":"https:\/\/ufrb.edu.br\/portal\/wp-json\/wp\/v2\/categories?post=30089"},{"taxonomy":"post_tag","embeddable":true,"href":"https:\/\/ufrb.edu.br\/portal\/wp-json\/wp\/v2\/tags?post=30089"}],"curies":[{"name":"wp","href":"https:\/\/api.w.org\/{rel}","templated":true}]}}