{"id":30093,"date":"2021-07-12T12:55:02","date_gmt":"2021-07-12T12:55:02","guid":{"rendered":"https:\/\/ufrb.edu.br\/2021\/07\/12\/ufrb-oferta-190-vagas-para-cursos-de-graduacao-em-educacao-do-campo\/"},"modified":"2021-07-12T12:55:02","modified_gmt":"2021-07-12T12:55:02","slug":"ufrb-oferta-190-vagas-para-cursos-de-graduacao-em-educacao-do-campo","status":"publish","type":"post","link":"https:\/\/ufrb.edu.br\/portal\/noticias\/ufrb-oferta-190-vagas-para-cursos-de-graduacao-em-educacao-do-campo\/","title":{"rendered":"UFRB oferta 190 vagas para cursos de gradua\u00e7\u00e3o em Educa\u00e7\u00e3o do Campo"},"content":{"rendered":"<p><img loading=\"lazy\" decoding=\"async\" class=\" size-full wp-image-30091\" src=\"http:\/\/ufrb.edu.br\/wp-content\/uploads\/2021\/07\/selecao-educacao-campo-feed-2da.png\" alt=\"\" width=\"1080\" height=\"1350\" srcset=\"https:\/\/ufrb.edu.br\/portal\/wp-content\/uploads\/sites\/5\/2021\/07\/selecao-educacao-campo-feed-2da.png 1080w, https:\/\/ufrb.edu.br\/portal\/wp-content\/uploads\/sites\/5\/2021\/07\/selecao-educacao-campo-feed-2da-240x300.png 240w, https:\/\/ufrb.edu.br\/portal\/wp-content\/uploads\/sites\/5\/2021\/07\/selecao-educacao-campo-feed-2da-819x1024.png 819w, https:\/\/ufrb.edu.br\/portal\/wp-content\/uploads\/sites\/5\/2021\/07\/selecao-educacao-campo-feed-2da-768x960.png 768w\" sizes=\"auto, (max-width: 1080px) 100vw, 1080px\" \/><\/p>\n<p>A Universidade Federal do Rec\u00f4ncavo da Bahia (UFRB) divulga a abertura de processo seletivo com 190 vagas para os cursos de Educa\u00e7\u00e3o do Campo com Habilita\u00e7\u00e3o em Ci\u00eancias Agr\u00e1rias (Licenciatura), no Campus Amargosa; e de Educa\u00e7\u00e3o do Campo com Habilita\u00e7\u00e3o em Matem\u00e1tica (Licenciatura) e Educa\u00e7\u00e3o do Campo com Habilita\u00e7\u00e3o em Ci\u00eancias da Natureza (Licenciatura) e Alimentos &#8211; Educa\u00e7\u00e3o do Campo (Tecn\u00f3logo), no Campus Feira de Santana. As aulas ter\u00e3o in\u00edcio em 01 de novembro pr\u00f3ximo e correspondem ao semestre 2021.1.<\/p>\n<p>As inscri\u00e7\u00f5es para os interessados acontecem no per\u00edodo de 13 de julho at\u00e9 16 de agosto, no endere\u00e7o eletr\u00f4nico de Processos Seletivos da UFRB: <a href=\"https:\/\/ufrb.edu.br\/portal\/2009\/05\/13\/revisitando-13-de-maio\/\">ufrb.edu.br\/prosel<\/a>.<\/p>\n<p>Os interessados devem ser pessoas que tenham conclu\u00eddo o ensino m\u00e9dio ou equivalente, e que preferencialmente, estejam enquadradas em uma das seguintes situa\u00e7\u00f5es: Ser professor em exerc\u00edcio na educa\u00e7\u00e3o b\u00e1sica em escolas do campo, que n\u00e3o possua forma\u00e7\u00e3o inicial ou adequada, de acordo com a Lei 9394\/1996; e\/ou que resida e\/ou exer\u00e7a atividades no campo ou perten\u00e7a aos povos do campo.<\/p>\n<p>Os cursos de gradua\u00e7\u00e3o da Educa\u00e7\u00e3o do Campo da UFRB s\u00e3o ofertados em regime de altern\u00e2ncia, na modalidade presencial, constitu\u00eddo por dois momentos de forma\u00e7\u00e3o: o Tempo Universidade (TU) e o Tempo Comunidade (TC), com atividades concentradas e organizadas em calend\u00e1rio pr\u00f3prio para a integraliza\u00e7\u00e3o curricular, de acordo com o tempo de dura\u00e7\u00e3o do curso.<\/p>\n<p><strong>Processo seletivo<\/strong><\/p>\n<p>O processo seletivo ser\u00e1 constitu\u00eddo por uma prova em formato digital, de car\u00e1ter eliminat\u00f3rio e classificat\u00f3rio, para todos os cursos, que ser\u00e1 realizada atrav\u00e9s da Plataforma Ambiente Virtual de Aprendizagem da UFRB (AVA Acad\u00eamico), no dia 28 de agosto pr\u00f3ximo.<\/p>\n<p>A prova digital consistir\u00e1 em um texto argumentativo visando destacar a rela\u00e7\u00e3o e hist\u00f3rico do candidato com o campo e seu interesse em rela\u00e7\u00e3o ao curso de gradua\u00e7\u00e3o da Educa\u00e7\u00e3o do Campo escolhido.<\/p>\n<p>O resultado da 1\u00aa chamada acontece no dia 10 de setembro.<\/p>\n<p>Confira o&nbsp;<a href=\"http:\/\/ufrb.edu.br\/wp-content\/uploads\/2021\/07\/20210712092403_Edital_N_21_2021_Educao_do_Campo_2021.docx-cea.pdf\" target=\"_blank\" rel=\"noopener\">Edital N\u00ba 21\/2021 de 09 de julho de 2021<\/a>.<\/p>\n<p>Mais informa\u00e7\u00f5es em <a href=\"https:\/\/ufrb.edu.br\/portal\/2009\/05\/13\/revisitando-13-de-maio\/\">ufrb.edu.br\/prosel<\/a>.<\/p>\n","protected":false},"excerpt":{"rendered":"<p>A Universidade Federal do Rec\u00f4ncavo da Bahia (UFRB) divulga a abertura de processo seletivo com 190 vagas para os cursos de Educa\u00e7\u00e3o do Campo com Habilita\u00e7\u00e3o em Ci\u00eancias Agr\u00e1rias (Licenciatura), no Campus Amargosa; e de Educa\u00e7\u00e3o do Campo com Habilita\u00e7\u00e3o em Matem\u00e1tica (Licenciatura) e Educa\u00e7\u00e3o do Campo com Habilita\u00e7\u00e3o em Ci\u00eancias da Natureza (Licenciatura) e [&hellip;]<\/p>\n","protected":false},"author":1,"featured_media":30090,"comment_status":"closed","ping_status":"closed","sticky":false,"template":"","format":"standard","meta":{"_acf_changed":false,"footnotes":""},"categories":[8],"tags":[],"class_list":["post-30093","post","type-post","status-publish","format-standard","has-post-thumbnail","hentry","category-noticias"],"acf":[],"_links":{"self":[{"href":"https:\/\/ufrb.edu.br\/portal\/wp-json\/wp\/v2\/posts\/30093","targetHints":{"allow":["GET"]}}],"collection":[{"href":"https:\/\/ufrb.edu.br\/portal\/wp-json\/wp\/v2\/posts"}],"about":[{"href":"https:\/\/ufrb.edu.br\/portal\/wp-json\/wp\/v2\/types\/post"}],"author":[{"embeddable":true,"href":"https:\/\/ufrb.edu.br\/portal\/wp-json\/wp\/v2\/users\/1"}],"replies":[{"embeddable":true,"href":"https:\/\/ufrb.edu.br\/portal\/wp-json\/wp\/v2\/comments?post=30093"}],"version-history":[{"count":0,"href":"https:\/\/ufrb.edu.br\/portal\/wp-json\/wp\/v2\/posts\/30093\/revisions"}],"wp:featuredmedia":[{"embeddable":true,"href":"https:\/\/ufrb.edu.br\/portal\/wp-json\/wp\/v2\/media\/30090"}],"wp:attachment":[{"href":"https:\/\/ufrb.edu.br\/portal\/wp-json\/wp\/v2\/media?parent=30093"}],"wp:term":[{"taxonomy":"category","embeddable":true,"href":"https:\/\/ufrb.edu.br\/portal\/wp-json\/wp\/v2\/categories?post=30093"},{"taxonomy":"post_tag","embeddable":true,"href":"https:\/\/ufrb.edu.br\/portal\/wp-json\/wp\/v2\/tags?post=30093"}],"curies":[{"name":"wp","href":"https:\/\/api.w.org\/{rel}","templated":true}]}}