{"id":30120,"date":"2021-07-25T18:09:34","date_gmt":"2021-07-25T18:09:34","guid":{"rendered":"https:\/\/ufrb.edu.br\/2021\/07\/25\/ufrb-manifesta-profundo-pesar-pelo-falecimento-da-estudante-dallila-machado-da-silva\/"},"modified":"2021-07-25T18:09:34","modified_gmt":"2021-07-25T18:09:34","slug":"ufrb-manifesta-profundo-pesar-pelo-falecimento-da-estudante-dallila-machado-da-silva","status":"publish","type":"post","link":"https:\/\/ufrb.edu.br\/portal\/noticias\/ufrb-manifesta-profundo-pesar-pelo-falecimento-da-estudante-dallila-machado-da-silva\/","title":{"rendered":"UFRB manifesta profundo pesar pelo falecimento da estudante Dallila Machado da Silva"},"content":{"rendered":"<p>A Universidade Federal do Rec\u00f4ncavo da Bahia (UFRB) manifesta o seu profundo pesar pelo falecimento da estudante Dallila Machado da Silva, do curso de Bacharelado em Medicina Veterin\u00e1ria, do Centro de Ci\u00eancias Agr\u00e1rias, Ambientais e Biol\u00f3gicas, Campus Cruz das Almas.<\/p>\n<p><span style=\"background-color: inherit;color: inherit;font-family: inherit;font-size: 1rem\">Dallila \u00e9 filha da servidora t\u00e9cnica-administrativa Sabrina Carvalho Machado, da Superintend\u00eancia de Educa\u00e7\u00e3o Aberta e a Dist\u00e2ncia (SEAD).<\/span><\/p>\n<p>Ao registrarmos nossas condol\u00eancias, manifestamos apoio e solidariedade aos amigos e familiares.<\/p>\n","protected":false},"excerpt":{"rendered":"<p>A Universidade Federal do Rec\u00f4ncavo da Bahia (UFRB) manifesta o seu profundo pesar pelo falecimento da estudante Dallila Machado da Silva, do curso de Bacharelado em Medicina Veterin\u00e1ria, do Centro de Ci\u00eancias Agr\u00e1rias, Ambientais e Biol\u00f3gicas, Campus Cruz das Almas. Dallila \u00e9 filha da servidora t\u00e9cnica-administrativa Sabrina Carvalho Machado, da Superintend\u00eancia de Educa\u00e7\u00e3o Aberta e [&hellip;]<\/p>\n","protected":false},"author":1,"featured_media":28145,"comment_status":"closed","ping_status":"closed","sticky":false,"template":"","format":"standard","meta":{"_acf_changed":false,"footnotes":""},"categories":[8],"tags":[],"class_list":["post-30120","post","type-post","status-publish","format-standard","has-post-thumbnail","hentry","category-noticias"],"acf":[],"_links":{"self":[{"href":"https:\/\/ufrb.edu.br\/portal\/wp-json\/wp\/v2\/posts\/30120","targetHints":{"allow":["GET"]}}],"collection":[{"href":"https:\/\/ufrb.edu.br\/portal\/wp-json\/wp\/v2\/posts"}],"about":[{"href":"https:\/\/ufrb.edu.br\/portal\/wp-json\/wp\/v2\/types\/post"}],"author":[{"embeddable":true,"href":"https:\/\/ufrb.edu.br\/portal\/wp-json\/wp\/v2\/users\/1"}],"replies":[{"embeddable":true,"href":"https:\/\/ufrb.edu.br\/portal\/wp-json\/wp\/v2\/comments?post=30120"}],"version-history":[{"count":0,"href":"https:\/\/ufrb.edu.br\/portal\/wp-json\/wp\/v2\/posts\/30120\/revisions"}],"wp:featuredmedia":[{"embeddable":true,"href":"https:\/\/ufrb.edu.br\/portal\/wp-json\/wp\/v2\/media\/28145"}],"wp:attachment":[{"href":"https:\/\/ufrb.edu.br\/portal\/wp-json\/wp\/v2\/media?parent=30120"}],"wp:term":[{"taxonomy":"category","embeddable":true,"href":"https:\/\/ufrb.edu.br\/portal\/wp-json\/wp\/v2\/categories?post=30120"},{"taxonomy":"post_tag","embeddable":true,"href":"https:\/\/ufrb.edu.br\/portal\/wp-json\/wp\/v2\/tags?post=30120"}],"curies":[{"name":"wp","href":"https:\/\/api.w.org\/{rel}","templated":true}]}}