{"id":30157,"date":"2021-08-03T14:20:10","date_gmt":"2021-08-03T14:20:10","guid":{"rendered":"https:\/\/ufrb.edu.br\/2021\/08\/03\/projeto-de-extensao-educa-rap-abre-inscricoes-para-poetas-e-poetizas\/"},"modified":"2021-08-03T14:20:10","modified_gmt":"2021-08-03T14:20:10","slug":"projeto-de-extensao-educa-rap-abre-inscricoes-para-poetas-e-poetizas","status":"publish","type":"post","link":"https:\/\/ufrb.edu.br\/portal\/noticias\/projeto-de-extensao-educa-rap-abre-inscricoes-para-poetas-e-poetizas\/","title":{"rendered":"Projeto de Extens\u00e3o Educa Rap abre inscri\u00e7\u00f5es para poetas e poetizas"},"content":{"rendered":"<p><img loading=\"lazy\" decoding=\"async\" class=\" size-full wp-image-30156\" src=\"http:\/\/ufrb.edu.br\/wp-content\/uploads\/2021\/08\/educarap-participe-62e.png\" alt=\"\" width=\"1080\" height=\"1350\" srcset=\"https:\/\/ufrb.edu.br\/portal\/wp-content\/uploads\/sites\/5\/2021\/08\/educarap-participe-62e.png 1080w, https:\/\/ufrb.edu.br\/portal\/wp-content\/uploads\/sites\/5\/2021\/08\/educarap-participe-62e-240x300.png 240w, https:\/\/ufrb.edu.br\/portal\/wp-content\/uploads\/sites\/5\/2021\/08\/educarap-participe-62e-819x1024.png 819w, https:\/\/ufrb.edu.br\/portal\/wp-content\/uploads\/sites\/5\/2021\/08\/educarap-participe-62e-768x960.png 768w\" sizes=\"auto, (max-width: 1080px) 100vw, 1080px\" \/><\/p>\n<p>O Projeto de Extens\u00e3o Educa Rap da Universidade Federal do Rec\u00f4ncavo da Bahia (UFRB) abriu inscri\u00e7\u00f5es para poetas e poetisas participarem do programa Rap \u00e9 o Som, na R\u00e1dio Santa Cruz FM 87,9, no bloco Momento L\u00edrico.&nbsp;<\/p>\n<p>Apresentado pela discente de Medicina Veterin\u00e1ria, Ana Carolina, o bloco Momento L\u00edrico \u00e9 um espa\u00e7o onde poetas e poetisas d\u00e3o voz a sua poesia e divulgam seu trabalho de forma gratuita. O objetivo \u00e9 incentivar a produ\u00e7\u00e3o po\u00e9tica e visibilizar os poetas e poetisa e sua arte atrav\u00e9s da r\u00e1dio e do <a href=\"https:\/\/www.instagram.com\/educarapufrb\/\">Instagram do Projeto<\/a>.<\/p>\n<p>Para participar basta preencher o formul\u00e1rio de inscri\u00e7\u00e3o <a href=\"https:\/\/forms.gle\/CzRuR4tBekRCostv6\">https:\/\/forms.gle\/CzRuR4tBekRCostv6<\/a> que est\u00e1 dispon\u00edvel por tempo indeterminado.<\/p>\n<p>O Programa Rap \u00e9 O Som faz parte do <a href=\"https:\/\/www.bahiareconcavo.com.br\/site\/coordenado-por-alunos-da-ufrb-o-educa-rap-estimula-acoes-para-transformar-a-juventude-em-cruz-das-almas\/\">Projeto de Extens\u00e3o da UFRB \u201cEduca Rap\u201d<\/a>,&nbsp;transmitido pela R\u00e1dio Santa Cruz FM 87.9, aos s\u00e1bados \u00e0s 19 horas, apresentado pelo aluno de Agroecologia ErriVance.<\/p>\n<p>Acompanhe o programa pelo aplicativo da Santa Cruz FM Play, dispon\u00edvel em <a href=\"https:\/\/www.ufrb.edu.br\/encurtador.com.br\/iRY34\">encurtador.com.br\/iRY34<\/a>&nbsp;e pelo site em <a href=\"https:\/\/bit.ly\/2NhlDyz\"><\/a><a href=\"https:\/\/bit.ly\/2NhlDyz\">https:\/\/bit.ly\/2NhlDyz<\/a>.<\/p>\n<p>Siga o Projeto de Extens\u00e3o Educa Rap no Instagram <a href=\"https:\/\/www.instagram.com\/educarapufrb\/.\">@educarapufrb<\/a>.<\/p>\n<p>{youtube}UyoQ26d7uZQ{\/youtube}<\/p>\n","protected":false},"excerpt":{"rendered":"<p>O Projeto de Extens\u00e3o Educa Rap da Universidade Federal do Rec\u00f4ncavo da Bahia (UFRB) abriu inscri\u00e7\u00f5es para poetas e poetisas participarem do programa Rap \u00e9 o Som, na R\u00e1dio Santa Cruz FM 87,9, no bloco Momento L\u00edrico.&nbsp; Apresentado pela discente de Medicina Veterin\u00e1ria, Ana Carolina, o bloco Momento L\u00edrico \u00e9 um espa\u00e7o onde poetas e [&hellip;]<\/p>\n","protected":false},"author":1,"featured_media":30155,"comment_status":"closed","ping_status":"closed","sticky":false,"template":"","format":"standard","meta":{"_acf_changed":false,"footnotes":""},"categories":[8],"tags":[],"class_list":["post-30157","post","type-post","status-publish","format-standard","has-post-thumbnail","hentry","category-noticias"],"acf":[],"_links":{"self":[{"href":"https:\/\/ufrb.edu.br\/portal\/wp-json\/wp\/v2\/posts\/30157","targetHints":{"allow":["GET"]}}],"collection":[{"href":"https:\/\/ufrb.edu.br\/portal\/wp-json\/wp\/v2\/posts"}],"about":[{"href":"https:\/\/ufrb.edu.br\/portal\/wp-json\/wp\/v2\/types\/post"}],"author":[{"embeddable":true,"href":"https:\/\/ufrb.edu.br\/portal\/wp-json\/wp\/v2\/users\/1"}],"replies":[{"embeddable":true,"href":"https:\/\/ufrb.edu.br\/portal\/wp-json\/wp\/v2\/comments?post=30157"}],"version-history":[{"count":0,"href":"https:\/\/ufrb.edu.br\/portal\/wp-json\/wp\/v2\/posts\/30157\/revisions"}],"wp:featuredmedia":[{"embeddable":true,"href":"https:\/\/ufrb.edu.br\/portal\/wp-json\/wp\/v2\/media\/30155"}],"wp:attachment":[{"href":"https:\/\/ufrb.edu.br\/portal\/wp-json\/wp\/v2\/media?parent=30157"}],"wp:term":[{"taxonomy":"category","embeddable":true,"href":"https:\/\/ufrb.edu.br\/portal\/wp-json\/wp\/v2\/categories?post=30157"},{"taxonomy":"post_tag","embeddable":true,"href":"https:\/\/ufrb.edu.br\/portal\/wp-json\/wp\/v2\/tags?post=30157"}],"curies":[{"name":"wp","href":"https:\/\/api.w.org\/{rel}","templated":true}]}}