{"id":30194,"date":"2021-08-13T14:58:21","date_gmt":"2021-08-13T14:58:21","guid":{"rendered":"https:\/\/ufrb.edu.br\/2021\/08\/13\/educacao-politica-conservacao-ambiental-e-plantas-medicinais-no-univerciencia\/"},"modified":"2021-08-13T14:58:21","modified_gmt":"2021-08-13T14:58:21","slug":"educacao-politica-conservacao-ambiental-e-plantas-medicinais-no-univerciencia","status":"publish","type":"post","link":"https:\/\/ufrb.edu.br\/portal\/noticias\/educacao-politica-conservacao-ambiental-e-plantas-medicinais-no-univerciencia\/","title":{"rendered":"Educa\u00e7\u00e3o pol\u00edtica, conserva\u00e7\u00e3o ambiental e plantas medicinais no Univerci\u00eancia"},"content":{"rendered":"<p>{youtube}kwx2Tim_9uc{\/youtube}<\/p>\n<p>Neste s\u00e1bado (14), o Univerci\u00eancia vai apresentar o trabalho do grupo \u00c1gora, n\u00facleo de estudos em Direito Eleitoral, pol\u00edtica e democracia e de promo\u00e7\u00e3o da cidadania. O programa vai mostrar tamb\u00e9m um projeto de conserva\u00e7\u00e3o dos recursos naturais, os estudos sobre a produ\u00e7\u00e3o do hidrog\u00eanio como fonte de energia limpa e ainda a diferen\u00e7a entre uma planta medicinal e qualquer outra. No\u200c \u200car\u200c \u200cpela\u200c \u200cTVE\u200c \u200caos\u200c \u200cs\u00e1bados,\u200c \u200c\u00e0s\u200c \u200c14h30,\u200c \u200co\u200c \u200cprograma\u200c \u200ctem\u200c \u200chor\u00e1rios\u200c \u200calternativos\u200c \u200c\u00e0s\u200c \u200csegundas-feiras,\u200c \u200c\u00e0s\u200c \u200c20h,\u200c \u200ce\u200c \u200cquartas-feiras,\u200c \u200c\u00e0s\u200c \u200c7h30.\u200c<\/p>\n<p>Bem diferente do que se costuma pensar sobre a pol\u00edtica como algo limitado aos pol\u00edticos profissionais e distante do nosso cotidiano, especialistas mostram que \u00e9 importante conhecer e debater o tema. O \u00c1gora, grupo de estudos, pesquisas e extens\u00e3o da Faculdade de Direito da Universidade Federal do Cear\u00e1 (UFC) promove a educa\u00e7\u00e3o pol\u00edtica e o pensar sobre o assunto de forma mais cr\u00edtica. A partir do incentivo ao debate, an\u00e1lises e discuss\u00f5es o projeto promove um olhar mais amplo sobre temas pol\u00edticos, com foco na participa\u00e7\u00e3o de diversos grupos da sociedade. O \u00c1gora n\u00e3o possui qualquer vincula\u00e7\u00e3o ideol\u00f3gica, pol\u00edtico-partid\u00e1ria ou econ\u00f4mica \u00e0 entidade externa.<\/p>\n<p>Cuidar dos recursos naturais \u00e9 um dever do cidad\u00e3o. Pesquisadores da Universidade Federal do Sul da Bahia (UFSB), desenvolveram o projeto \u2018Conserva\u00e7\u00e3o de esp\u00e9cies amea\u00e7adas de \u00e1rvores da Mata Atl\u00e2ntica do Sul da Bahia\u2019, que tem a inten\u00e7\u00e3o de localizar as esp\u00e9cies arb\u00f3reas amea\u00e7adas de extin\u00e7\u00e3o, marcar as matrizes para a produ\u00e7\u00e3o de sementes e, dessa forma, contribuir com a preserva\u00e7\u00e3o, a coleta de sementes, entre outras atividades. Para realizar a coleta das esp\u00e9cies, os pesquisadores contam ainda com a participa\u00e7\u00e3o dos mateiros da regi\u00e3o, que ajudam tamb\u00e9m na identifica\u00e7\u00e3o dessas esp\u00e9cies. A cataloga\u00e7\u00e3o desse material coletado servir\u00e1 para a contribui\u00e7\u00e3o, no futuro, da produ\u00e7\u00e3o de sementes dessas esp\u00e9cies.<\/p>\n<p>Na Universidade Federal do Rio Grande do Norte (UFRN), cientistas desenvolvem estudos sobre a produ\u00e7\u00e3o do hidrog\u00eanio como fonte de energia limpa. Trabalhando h\u00e1 10 anos na produ\u00e7\u00e3o de hidrog\u00eanio, o grupo vem usando dois gases: o metano e o CO2 (di\u00f3xido de carbono), que s\u00e3o poluentes, para obter tanto o hidrog\u00eanio quanto o mon\u00f3xido de carbono, que \u00e9 o g\u00e1s de s\u00edntese. Os pesquisadores utilizam uma t\u00e9cnica que mistura um combust\u00edvel com um oxidante para extra\u00e7\u00e3o do produto com utiliza\u00e7\u00e3o de microondas. Um m\u00e9todo simples, barato e f\u00e1cil de ser reproduzido. O trabalho j\u00e1 rendeu mais uma carta patente para a inova\u00e7\u00e3o na Universidade.<\/p>\n<p>O trabalho de pesquisa desenvolvido pelo Horto de Plantas Medicinais na Universidade Estadual de Santa Cruz (UESC), no Sul da Bahia, ajuda a identificar a diferen\u00e7a de uma planta medicinal de qualquer outra, e para que mais servem as plantas medicinais, al\u00e9m de serem utilizadas como substrato. A cole\u00e7\u00e3o viva de plantas medicinais da universidade teve in\u00edcio em 1998, com um projeto de pesquisa que realizou um levantamento a fim de conhecer as principais esp\u00e9cies medicinais utilizadas pela popula\u00e7\u00e3o local. Com a participa\u00e7\u00e3o de v\u00e1rios alunos e professores, foram realizadas expedi\u00e7\u00f5es sistem\u00e1ticas a diversas propriedades rurais e vilarejos da regi\u00e3o para coletar informa\u00e7\u00f5es de uso, material bot\u00e2nico e prop\u00e1gulos para cultivo.<\/p>\n<p>O programa Univerci\u00eancia tem a participa\u00e7\u00e3o de institui\u00e7\u00f5es de todos os estados nordestinos a partir da parceria entre as universidades e televis\u00f5es p\u00fablicas da regi\u00e3o. A produ\u00e7\u00e3o do conte\u00fado \u00e9 colaborativa e a veicula\u00e7\u00e3o acontece em TV\u2019s p\u00fablicas, educativas, culturais e universit\u00e1rias, e nos canais das emissoras e das universidades na Internet.<\/p>\n<p><strong>Onde assistir<\/strong><\/p>\n<p>S\u00e1bado, 14\/08, \u00e0s 14h30, no&nbsp;<a href=\"https:\/\/www.youtube.com\/c\/tvebahia\">canal do Youtube da TVE<\/a>.<\/p>\n<p>Segunda, 16\/08, \u00e0s 10h, no&nbsp;<a href=\"https:\/\/www.youtube.com\/c\/TVUFRB\">canal do Youtube da TV UFRB<\/a>.<\/p>\n","protected":false},"excerpt":{"rendered":"<p>{youtube}kwx2Tim_9uc{\/youtube} Neste s\u00e1bado (14), o Univerci\u00eancia vai apresentar o trabalho do grupo \u00c1gora, n\u00facleo de estudos em Direito Eleitoral, pol\u00edtica e democracia e de promo\u00e7\u00e3o da cidadania. O programa vai mostrar tamb\u00e9m um projeto de conserva\u00e7\u00e3o dos recursos naturais, os estudos sobre a produ\u00e7\u00e3o do hidrog\u00eanio como fonte de energia limpa e ainda a diferen\u00e7a [&hellip;]<\/p>\n","protected":false},"author":1,"featured_media":30193,"comment_status":"closed","ping_status":"closed","sticky":false,"template":"","format":"standard","meta":{"_acf_changed":false,"footnotes":""},"categories":[8],"tags":[],"class_list":["post-30194","post","type-post","status-publish","format-standard","has-post-thumbnail","hentry","category-noticias"],"acf":[],"_links":{"self":[{"href":"https:\/\/ufrb.edu.br\/portal\/wp-json\/wp\/v2\/posts\/30194","targetHints":{"allow":["GET"]}}],"collection":[{"href":"https:\/\/ufrb.edu.br\/portal\/wp-json\/wp\/v2\/posts"}],"about":[{"href":"https:\/\/ufrb.edu.br\/portal\/wp-json\/wp\/v2\/types\/post"}],"author":[{"embeddable":true,"href":"https:\/\/ufrb.edu.br\/portal\/wp-json\/wp\/v2\/users\/1"}],"replies":[{"embeddable":true,"href":"https:\/\/ufrb.edu.br\/portal\/wp-json\/wp\/v2\/comments?post=30194"}],"version-history":[{"count":0,"href":"https:\/\/ufrb.edu.br\/portal\/wp-json\/wp\/v2\/posts\/30194\/revisions"}],"wp:featuredmedia":[{"embeddable":true,"href":"https:\/\/ufrb.edu.br\/portal\/wp-json\/wp\/v2\/media\/30193"}],"wp:attachment":[{"href":"https:\/\/ufrb.edu.br\/portal\/wp-json\/wp\/v2\/media?parent=30194"}],"wp:term":[{"taxonomy":"category","embeddable":true,"href":"https:\/\/ufrb.edu.br\/portal\/wp-json\/wp\/v2\/categories?post=30194"},{"taxonomy":"post_tag","embeddable":true,"href":"https:\/\/ufrb.edu.br\/portal\/wp-json\/wp\/v2\/tags?post=30194"}],"curies":[{"name":"wp","href":"https:\/\/api.w.org\/{rel}","templated":true}]}}