{"id":30250,"date":"2021-09-04T11:00:21","date_gmt":"2021-09-04T11:00:21","guid":{"rendered":"https:\/\/ufrb.edu.br\/2021\/09\/04\/ufrb-divulga-resultado-do-cadastro-seletivo-2021-2-pre-matricula-ate-08-09\/"},"modified":"2021-09-04T11:00:21","modified_gmt":"2021-09-04T11:00:21","slug":"ufrb-divulga-resultado-do-cadastro-seletivo-2021-2-pre-matricula-ate-08-09","status":"publish","type":"post","link":"https:\/\/ufrb.edu.br\/portal\/noticias\/ufrb-divulga-resultado-do-cadastro-seletivo-2021-2-pre-matricula-ate-08-09\/","title":{"rendered":"UFRB divulga resultado do Cadastro Seletivo 2021.2; pr\u00e9-matr\u00edcula at\u00e9 08\/09"},"content":{"rendered":"<p><img loading=\"lazy\" decoding=\"async\" class=\" size-full wp-image-30247\" src=\"http:\/\/ufrb.edu.br\/wp-content\/uploads\/2021\/09\/resultado-cadastro-2021-2-feed-8c8.jpeg\" alt=\"\" width=\"1024\" height=\"1280\" srcset=\"https:\/\/ufrb.edu.br\/portal\/wp-content\/uploads\/sites\/5\/2021\/09\/resultado-cadastro-2021-2-feed-8c8.jpeg 1024w, https:\/\/ufrb.edu.br\/portal\/wp-content\/uploads\/sites\/5\/2021\/09\/resultado-cadastro-2021-2-feed-8c8-240x300.jpeg 240w, https:\/\/ufrb.edu.br\/portal\/wp-content\/uploads\/sites\/5\/2021\/09\/resultado-cadastro-2021-2-feed-8c8-819x1024.jpeg 819w, https:\/\/ufrb.edu.br\/portal\/wp-content\/uploads\/sites\/5\/2021\/09\/resultado-cadastro-2021-2-feed-8c8-768x960.jpeg 768w\" sizes=\"auto, (max-width: 1024px) 100vw, 1024px\" \/><\/p>\n<p>A Universidade Federal do Rec\u00f4ncavo da Bahia (UFRB) publicou o&nbsp;<a href=\"http:\/\/ufrb.edu.br\/wp-content\/uploads\/2021\/09\/20210903201750_Resultado_da_1_Chamada-033.pdf\">resultado do Cadastro Seletivo&nbsp;2021.2<\/a>.<\/p>\n<p>Os&nbsp;<a href=\"http:\/\/ufrb.edu.br\/wp-content\/uploads\/2021\/09\/20210903201750_Resultado_da_1_Chamada-033.pdf\">candidatos convocados<\/a>&nbsp;devem providenciar a&nbsp;documenta\u00e7\u00e3o para a matr\u00edcula, que acontece em duas etapas.&nbsp;A primeira etapa \u00e9 a pr\u00e9-matr\u00edcula on-line, at\u00e9 o dia 08 de setembro, no&nbsp;<a href=\"http:\/\/ufrb.edu.br\/matricula\">Sistema de Matr\u00edcula da UFRB<\/a>.<\/p>\n<p>Os aprovados devem acessar o sistema, inserir o n\u00famero de CPF e fazer o upload dos documentos: documento oficial de identifica\u00e7\u00e3o com foto; certificado e hist\u00f3rico escolar; certificado de quita\u00e7\u00e3o militar (apenas para candidatos do sexo masculino maiores de 18 anos); e&nbsp;demais documentos e\/ou arquivos (v\u00eddeo e fotos) para as aferi\u00e7\u00f5es de acordo com a modalidade de reserva de vagas que foi convocado.<\/p>\n<p>Para os aprovados que optaram pelas vagas reservadas com renda familiar bruta per capita igual ou inferior a 1,5 sal\u00e1rio m\u00ednimo, \u00e9 necess\u00e1rio informar na pr\u00e9-matr\u00edcula on-line se prefere ser aferido por meio do&nbsp;<a href=\"https:\/\/www.gov.br\/pt-br\/servicos\/inscrever-se-no-cadastro-unico-para-programas-sociais-do-governo-federal\">Cad\u00danico do Governo Federal<\/a>, ou por meio de envio de documentos que comprovem a renda de cada membro da fam\u00edlia.<\/p>\n<p>A segunda etapa da matr\u00edcula \u00e9 a confirma\u00e7\u00e3o on-line, que ocorrer\u00e1 de 23 a 28 de abril de 2022.<\/p>\n<p><strong>Heteroidentifica\u00e7\u00e3o por v\u00eddeo e fotos<\/strong><\/p>\n<p>A novidade da pr\u00e9-matr\u00edcula on-line&nbsp;na UFRB \u00e9 o procedimento de heteroidentifica\u00e7\u00e3o por v\u00eddeo e fotos. Os candidatos aprovados que optaram pelas vagas reservadas \u00e0 pretos e pardos dever\u00e3o enviar, no ato da pr\u00e9-matr\u00edcula, um v\u00eddeo e duas fotos (frontal e perfil) para o procedimento de heteroidentifica\u00e7\u00e3o. As instru\u00e7\u00f5es t\u00e9cnicas est\u00e3o descritas no&nbsp;<a href=\"http:\/\/ufrb.edu.br\/wp-content\/uploads\/2021\/08\/20210811074658_Edital_n_023_2021_LISTA_DE_ESPERA_CADASTRO_SELETIVO_-_2021.2-8b1.pdf\">Edital PROGRAD N\u00ba 023\/2021<\/a>&nbsp;e no tutorial no final da mat\u00e9ria.<\/p>\n<p><strong>In\u00edcio das Aulas<\/strong><\/p>\n<p>O in\u00edcio das aulas para o semestre 2021.2 est\u00e1 previsto para o dia 28 de abril de 2022, de acordo com o&nbsp;<a href=\"\/portal\/graduacao\/calendario-graduacao\">Calend\u00e1rio Acad\u00eamico<\/a>.<\/p>\n<p><strong>Informe-se<\/strong><\/p>\n<p>Leia o&nbsp;<a href=\"http:\/\/ufrb.edu.br\/wp-content\/uploads\/2021\/08\/20210811074658_Edital_n_023_2021_LISTA_DE_ESPERA_CADASTRO_SELETIVO_-_2021.2-8b1.pdf\">Edital PROGRAD N\u00ba 023\/2021<\/a>&nbsp;e o&nbsp;<a href=\"http:\/\/ufrb.edu.br\/wp-content\/uploads\/2021\/09\/20210830171612_ADITIVO_N_01_-_Retificao_do_Cronograma_-_Lista_e_Cadastro_2021.2-0b8.pdf\">Aditivo N\u00ba 01 &#8211; Retifica\u00e7\u00e3o do Cronograma<\/a>.<\/p>\n<p>Confira a&nbsp;<a href=\"http:\/\/ufrb.edu.br\/wp-content\/uploads\/2021\/09\/20210903201750_Resultado_da_1_Chamada-033.pdf\">rela\u00e7\u00e3o de aprovados<\/a>.<\/p>\n<p>Confira as&nbsp;<a href=\"https:\/\/ufrb.edu.br\/portal\/2024\/01\/25\/matricula-na-ufrb\/\">etapas e documentos para a matr\u00edcula de acordo com a modalidade do candidato<\/a>.<\/p>\n<p>Acesse diariamente o site do Prosel:&nbsp;<a href=\"https:\/\/www.ufrb.edu.br\/prosel\">ufrb.edu.br\/prosel<\/a>.<\/p>\n<p>Receba as novidades dos processos seletivos da UFRB no seu celular acessando o canal do Prosel no Telegram:&nbsp;<a href=\"https:\/\/t.me\/proselufrb\">https:\/\/t.me\/proselufrb<\/a>.<\/p>\n<p>Tire suas d\u00favidas via chat na&nbsp;<a href=\"https:\/\/ufrb.edu.br\/atendimento\">Central de Atendimento<\/a>.<\/p>\n<p><img loading=\"lazy\" decoding=\"async\" class=\" size-full wp-image-30181\" src=\"http:\/\/ufrb.edu.br\/wp-content\/uploads\/2021\/08\/tutorial-heteroidentificacao-42e.png\" alt=\"tutorial heteroidentificacao\" width=\"1080\" height=\"1923\" srcset=\"https:\/\/ufrb.edu.br\/portal\/wp-content\/uploads\/sites\/5\/2021\/08\/tutorial-heteroidentificacao-42e.png 1080w, https:\/\/ufrb.edu.br\/portal\/wp-content\/uploads\/sites\/5\/2021\/08\/tutorial-heteroidentificacao-42e-168x300.png 168w, https:\/\/ufrb.edu.br\/portal\/wp-content\/uploads\/sites\/5\/2021\/08\/tutorial-heteroidentificacao-42e-575x1024.png 575w, https:\/\/ufrb.edu.br\/portal\/wp-content\/uploads\/sites\/5\/2021\/08\/tutorial-heteroidentificacao-42e-768x1367.png 768w, https:\/\/ufrb.edu.br\/portal\/wp-content\/uploads\/sites\/5\/2021\/08\/tutorial-heteroidentificacao-42e-863x1536.png 863w\" sizes=\"auto, (max-width: 1080px) 100vw, 1080px\" \/><\/p>\n","protected":false},"excerpt":{"rendered":"<p>A Universidade Federal do Rec\u00f4ncavo da Bahia (UFRB) publicou o&nbsp;resultado do Cadastro Seletivo&nbsp;2021.2. Os&nbsp;candidatos convocados&nbsp;devem providenciar a&nbsp;documenta\u00e7\u00e3o para a matr\u00edcula, que acontece em duas etapas.&nbsp;A primeira etapa \u00e9 a pr\u00e9-matr\u00edcula on-line, at\u00e9 o dia 08 de setembro, no&nbsp;Sistema de Matr\u00edcula da UFRB. Os aprovados devem acessar o sistema, inserir o n\u00famero de CPF e fazer [&hellip;]<\/p>\n","protected":false},"author":1,"featured_media":30246,"comment_status":"closed","ping_status":"closed","sticky":false,"template":"","format":"standard","meta":{"_acf_changed":false,"footnotes":""},"categories":[8],"tags":[],"class_list":["post-30250","post","type-post","status-publish","format-standard","has-post-thumbnail","hentry","category-noticias"],"acf":[],"_links":{"self":[{"href":"https:\/\/ufrb.edu.br\/portal\/wp-json\/wp\/v2\/posts\/30250","targetHints":{"allow":["GET"]}}],"collection":[{"href":"https:\/\/ufrb.edu.br\/portal\/wp-json\/wp\/v2\/posts"}],"about":[{"href":"https:\/\/ufrb.edu.br\/portal\/wp-json\/wp\/v2\/types\/post"}],"author":[{"embeddable":true,"href":"https:\/\/ufrb.edu.br\/portal\/wp-json\/wp\/v2\/users\/1"}],"replies":[{"embeddable":true,"href":"https:\/\/ufrb.edu.br\/portal\/wp-json\/wp\/v2\/comments?post=30250"}],"version-history":[{"count":0,"href":"https:\/\/ufrb.edu.br\/portal\/wp-json\/wp\/v2\/posts\/30250\/revisions"}],"wp:featuredmedia":[{"embeddable":true,"href":"https:\/\/ufrb.edu.br\/portal\/wp-json\/wp\/v2\/media\/30246"}],"wp:attachment":[{"href":"https:\/\/ufrb.edu.br\/portal\/wp-json\/wp\/v2\/media?parent=30250"}],"wp:term":[{"taxonomy":"category","embeddable":true,"href":"https:\/\/ufrb.edu.br\/portal\/wp-json\/wp\/v2\/categories?post=30250"},{"taxonomy":"post_tag","embeddable":true,"href":"https:\/\/ufrb.edu.br\/portal\/wp-json\/wp\/v2\/tags?post=30250"}],"curies":[{"name":"wp","href":"https:\/\/api.w.org\/{rel}","templated":true}]}}