{"id":30354,"date":"2021-10-06T14:45:23","date_gmt":"2021-10-06T14:45:23","guid":{"rendered":"https:\/\/ufrb.edu.br\/2021\/10\/06\/ufrb-oferece-cursos-de-pos-graduacao-em-filosofia-e-em-politica-social-e-territorios\/"},"modified":"2021-10-06T14:45:23","modified_gmt":"2021-10-06T14:45:23","slug":"ufrb-oferece-cursos-de-pos-graduacao-em-filosofia-e-em-politica-social-e-territorios","status":"publish","type":"post","link":"https:\/\/ufrb.edu.br\/portal\/noticias\/ufrb-oferece-cursos-de-pos-graduacao-em-filosofia-e-em-politica-social-e-territorios\/","title":{"rendered":"UFRB oferece cursos de p\u00f3s-gradua\u00e7\u00e3o em Filosofia e em Pol\u00edtica Social e Territ\u00f3rios"},"content":{"rendered":"<p><img loading=\"lazy\" decoding=\"async\" class=\" size-full wp-image-30317\" src=\"http:\/\/ufrb.edu.br\/wp-content\/uploads\/2021\/09\/pos-feed-6d7.png\" alt=\"\" width=\"1080\" height=\"1350\" srcset=\"https:\/\/ufrb.edu.br\/portal\/wp-content\/uploads\/sites\/5\/2021\/09\/pos-feed-6d7.png 1080w, https:\/\/ufrb.edu.br\/portal\/wp-content\/uploads\/sites\/5\/2021\/09\/pos-feed-6d7-240x300.png 240w, https:\/\/ufrb.edu.br\/portal\/wp-content\/uploads\/sites\/5\/2021\/09\/pos-feed-6d7-819x1024.png 819w, https:\/\/ufrb.edu.br\/portal\/wp-content\/uploads\/sites\/5\/2021\/09\/pos-feed-6d7-768x960.png 768w\" sizes=\"auto, (max-width: 1080px) 100vw, 1080px\" \/><\/p>\n<p>A Universidade Federal do Rec\u00f4ncavo da Bahia (UFRB) anuncia a abertura de processos seletivos para alunos regulares em programas de p\u00f3s-gradua\u00e7\u00e3o, em n\u00edveis de especializa\u00e7\u00e3o e de mestrado, respectivamente, em Filosofia, Conhecimento e Educa\u00e7\u00e3o (modalidade Ensino a Dist\u00e2ncia)<strong>; <\/strong>e em Pol\u00edtica Social e Territ\u00f3rios, para o primeiro semestre acad\u00eamico de 2022.<\/p>\n<p>As inscri\u00e7\u00f5es dos interessados acontecem, exclusivamente, por meio digital, no&nbsp;<span style=\"text-decoration: underline\"><a href=\"https:\/\/sistemas.ufrb.edu.br\/sigaa\/public\/home.jsf#\" target=\"_blank\" rel=\"noopener\">Sistema Integrado de Atividades Acad\u00eamicas (SIGAA) &#8211; Processos Seletivos \u2013 Lato Sensu e Stricto Sensu<\/a><\/span>, respectivamente,&nbsp;da institui\u00e7\u00e3o, anexando a documenta\u00e7\u00e3o exigida em edital. N\u00e3o haver\u00e1 cobran\u00e7a de taxa de inscri\u00e7\u00e3o para os processos seletivos.<\/p>\n<p>Das 50 vagas ofertadas no edital de especializa\u00e7\u00e3o em Filosofia; e das 20 vagas ofertadas no edital de mestrado em Pol\u00edtica Social e Territ\u00f3rios, h\u00e1 vagas destinadas \u00e0 pol\u00edtica de cotas, amparado pela Resolu\u00e7\u00e3o CONAC 033\/2018, a qual disp\u00f5e sobre o sistema de cotas raciais para o acesso e outras pol\u00edticas de a\u00e7\u00f5es afirmativas para a perman\u00eancia de estudantes negros, quilombolas, ind\u00edgenas, pessoas trans (transg\u00eaneros, transexuais e travestis) e pessoas com defici\u00eancia em todos os cursos de p\u00f3s-gradua\u00e7\u00e3o da Universidade Federal do Rec\u00f4ncavo da Bahia; e para servidores t\u00e9cnico-administrativos do quadro efetivo da institui\u00e7\u00e3o.<\/p>\n<p><strong>P\u00f3s-gradua\u00e7\u00e3o em Filosofia, Conhecimento e Educa\u00e7\u00e3o <\/strong><\/p>\n<p>O curso de p\u00f3s-gradua\u00e7\u00e3o, em n\u00edvel de especializa\u00e7\u00e3o, em Filosofia,Conhecimento e Educa\u00e7\u00e3o pretende aprofundar os conhecimentos filos\u00f3ficos nos campos da epistemologia, da \u00e9tica, da est\u00e9tica e do ensino da filosofia; consolidar a forma\u00e7\u00e3o cr\u00edtica de professores de filosofia, oportunizando forma\u00e7\u00e3o continuada aos pesquisadores\/educadores do Rec\u00f4ncavo da Bahia e regi\u00f5es adjacentes.<\/p>\n<p>Para o processo seletivo do curso de Especializa\u00e7\u00e3o em Filosofia, Conhecimento e Educa\u00e7\u00e3o, modalidade \u00e0 dist\u00e2ncia s\u00e3o oferecidas 50 vagas, distribu\u00eddas nas linhas de pesquisa 1) \u00c9tica e Filosofia Pol\u00edtica; 2) Est\u00e9tica e Filosofia da Arte; 3) Filosofia da Educa\u00e7\u00e3o; 4) Hist\u00f3ria da Filosofia; e 5) L\u00f3gica, Epistemologia e Filosofia da Linguagem.<\/p>\n<p>O curso \u00e9 vinculado ao Centro Forma\u00e7\u00e3o de Professores (CFP), em Amargosa.<\/p>\n<p>As inscri\u00e7\u00f5es acontecem at\u00e9 o pr\u00f3ximo dia 17 de novembro.<\/p>\n<p>O p\u00fablico alvo da especializa\u00e7\u00e3o s\u00e3o pessoas licenciadas e bachar\u00e9is egressos dos cursos de Filosofia, Pedagogia, Hist\u00f3ria, Geografia, Biologia, Letras, Matem\u00e1tica, Qu\u00edmica, F\u00edsica, Educa\u00e7\u00e3o F\u00edsica, Ci\u00eancias Sociais, Educa\u00e7\u00e3o do Campo, ou demais cursos de gradua\u00e7\u00e3o em outras \u00e1reas.<\/p>\n<p>As etapas do processo seletivo s\u00e3o: Etapa 1 (Classificat\u00f3ria) \u2013 Avalia\u00e7\u00e3o da Carta de Inten\u00e7\u00e3o; Etapa 2 (Eliminat\u00f3ria) \u2013 Avalia\u00e7\u00e3o do Projeto de Pesquisa; e Etapa 3 (Classificat\u00f3ria) \u2013 Avalia\u00e7\u00e3o do Curr\u00edculo.<\/p>\n<p>Leia o&nbsp;<a href=\"http:\/\/ufrb.edu.br\/wp-content\/uploads\/2021\/10\/EDITAL_Selecao_Pos_Filosofia_SIGAA-5f5.pdf\" target=\"_blank\" rel=\"noopener\">Edital 01\/2021<\/a>.<\/p>\n<p>Conhe\u00e7a mais sobre a especializa\u00e7\u00e3o em&nbsp;<a href=\"https:\/\/www.ufrb.edu.br\/filosofia\/pos-graduacao\">ufrb.edu.br\/filosofia\/pos-graduacao<\/a>.<\/p>\n<p>E-mail <a href=\"mailto:posfilosofia@cfp.ufrb.edu.br\">posfilosofia@cfp.ufrb.edu.br<\/a>.<\/p>\n<p><strong>P\u00f3s-Gradua\u00e7\u00e3o em <\/strong><strong>Pol\u00edtica Social e Territ\u00f3rios<\/strong><\/p>\n<p>O curso de p\u00f3s-gradua\u00e7\u00e3o, em n\u00edvel de mestrado, em Pol\u00edtica Social e Territ\u00f3rios (PPGPST) tem por objetivo formar recursos humanos qualificados para o ensino superior, a pesquisa, a produ\u00e7\u00e3o de conhecimento, o planejamento, a gest\u00e3o, a an\u00e1lise e execu\u00e7\u00e3o de pol\u00edticas sociais, fomentando a produ\u00e7\u00e3o e difus\u00e3o de conhecimento sobre quest\u00f5es referentes \u00e0s pol\u00edticas sociais em \u00e2mbito nacional, regional e local, em uma perspectiva totalizante, hist\u00f3rica e culturalmente referenciada.<\/p>\n<p>Para o processo seletivo s\u00e3o oferecidas 20 vagas distribu\u00eddas em duas linhas de pesquisa do programa: Pol\u00edticas Sociais, Territ\u00f3rios e Estado; e Trabalho, Direitos e Servi\u00e7o Social.<\/p>\n<p>O curso \u00e9 vinculado ao Centro de Artes, Humanidades e Letras (CAHL), em Cachoeira.<\/p>\n<p>As inscri\u00e7\u00f5es seguem at\u00e9 o dia 05 de novembro.<\/p>\n<p>O p\u00fablico do mestrado s\u00e3o os graduados ou graduandos de Servi\u00e7o Social e outras \u00e1reas, com compet\u00eancia te\u00f3rica, cr\u00edtica e generalista nas \u00e1reas de gest\u00e3o, formula\u00e7\u00e3o, implementa\u00e7\u00e3o, an\u00e1lise e avalia\u00e7\u00e3o de pol\u00edticas sociais.<\/p>\n<p>O processo seletivo ser\u00e1 constitu\u00eddo de tr\u00eas etapas, todas elas de car\u00e1ter classificat\u00f3rio e eliminat\u00f3rio: 1\u00aa Etapa &#8211; Avalia\u00e7\u00e3o dos Projetos de Pesquisa; 2\u00aa Etapa &#8211; Avalia\u00e7\u00e3o de Memorial Acad\u00eamico e Curr\u00edculo; e 3\u00aa Etapa &#8211; Avalia\u00e7\u00e3o das Entrevistas Remotas.<\/p>\n<p>Leia o&nbsp;<a href=\"http:\/\/ufrb.edu.br\/wp-content\/uploads\/2021\/10\/Edital__02_2021_PPG_POSTERR_2022.1-878.pdf\" target=\"_blank\" rel=\"noopener\">Edital 02\/2021<\/a>.<\/p>\n<p>Conhe\u00e7a mais sobre o mestrado em&nbsp;<a href=\"https:\/\/www.ufrb.edu.br\/ppgpst\">ufrb.edu.br\/ppgpst<\/a>.<\/p>\n","protected":false},"excerpt":{"rendered":"<p>A Universidade Federal do Rec\u00f4ncavo da Bahia (UFRB) anuncia a abertura de processos seletivos para alunos regulares em programas de p\u00f3s-gradua\u00e7\u00e3o, em n\u00edveis de especializa\u00e7\u00e3o e de mestrado, respectivamente, em Filosofia, Conhecimento e Educa\u00e7\u00e3o (modalidade Ensino a Dist\u00e2ncia); e em Pol\u00edtica Social e Territ\u00f3rios, para o primeiro semestre acad\u00eamico de 2022. As inscri\u00e7\u00f5es dos interessados [&hellip;]<\/p>\n","protected":false},"author":1,"featured_media":30316,"comment_status":"closed","ping_status":"closed","sticky":false,"template":"","format":"standard","meta":{"_acf_changed":false,"footnotes":""},"categories":[8],"tags":[],"class_list":["post-30354","post","type-post","status-publish","format-standard","has-post-thumbnail","hentry","category-noticias"],"acf":[],"_links":{"self":[{"href":"https:\/\/ufrb.edu.br\/portal\/wp-json\/wp\/v2\/posts\/30354","targetHints":{"allow":["GET"]}}],"collection":[{"href":"https:\/\/ufrb.edu.br\/portal\/wp-json\/wp\/v2\/posts"}],"about":[{"href":"https:\/\/ufrb.edu.br\/portal\/wp-json\/wp\/v2\/types\/post"}],"author":[{"embeddable":true,"href":"https:\/\/ufrb.edu.br\/portal\/wp-json\/wp\/v2\/users\/1"}],"replies":[{"embeddable":true,"href":"https:\/\/ufrb.edu.br\/portal\/wp-json\/wp\/v2\/comments?post=30354"}],"version-history":[{"count":0,"href":"https:\/\/ufrb.edu.br\/portal\/wp-json\/wp\/v2\/posts\/30354\/revisions"}],"wp:featuredmedia":[{"embeddable":true,"href":"https:\/\/ufrb.edu.br\/portal\/wp-json\/wp\/v2\/media\/30316"}],"wp:attachment":[{"href":"https:\/\/ufrb.edu.br\/portal\/wp-json\/wp\/v2\/media?parent=30354"}],"wp:term":[{"taxonomy":"category","embeddable":true,"href":"https:\/\/ufrb.edu.br\/portal\/wp-json\/wp\/v2\/categories?post=30354"},{"taxonomy":"post_tag","embeddable":true,"href":"https:\/\/ufrb.edu.br\/portal\/wp-json\/wp\/v2\/tags?post=30354"}],"curies":[{"name":"wp","href":"https:\/\/api.w.org\/{rel}","templated":true}]}}