{"id":30476,"date":"2021-12-06T11:14:09","date_gmt":"2021-12-06T11:14:09","guid":{"rendered":"https:\/\/ufrb.edu.br\/2021\/12\/06\/ufrb-aprova-retorno-das-atividades-academicas-presenciais-em-2022\/"},"modified":"2021-12-06T11:14:09","modified_gmt":"2021-12-06T11:14:09","slug":"ufrb-aprova-retorno-das-atividades-academicas-presenciais-em-2022","status":"publish","type":"post","link":"https:\/\/ufrb.edu.br\/portal\/noticias\/ufrb-aprova-retorno-das-atividades-academicas-presenciais-em-2022\/","title":{"rendered":"UFRB aprova retorno das atividades acad\u00eamicas presenciais em 2022"},"content":{"rendered":"<p><img loading=\"lazy\" decoding=\"async\" class=\" size-full wp-image-30475\" src=\"http:\/\/ufrb.edu.br\/wp-content\/uploads\/2021\/12\/volta-feed-95f.jpeg\" alt=\"\" width=\"1024\" height=\"1280\" srcset=\"https:\/\/ufrb.edu.br\/portal\/wp-content\/uploads\/sites\/5\/2021\/12\/volta-feed-95f.jpeg 1024w, https:\/\/ufrb.edu.br\/portal\/wp-content\/uploads\/sites\/5\/2021\/12\/volta-feed-95f-240x300.jpeg 240w, https:\/\/ufrb.edu.br\/portal\/wp-content\/uploads\/sites\/5\/2021\/12\/volta-feed-95f-819x1024.jpeg 819w, https:\/\/ufrb.edu.br\/portal\/wp-content\/uploads\/sites\/5\/2021\/12\/volta-feed-95f-768x960.jpeg 768w\" sizes=\"auto, (max-width: 1024px) 100vw, 1024px\" \/><\/p>\n<p>O Conselho Acad\u00eamico (CONAC) da Universidade Federal do Rec\u00f4ncavo da Bahia (UFRB), reunido em 26 de novembro, aprovou o retorno das atividades acad\u00eamicas presenciais de gradua\u00e7\u00e3o no semestre 2021.2, marcado para iniciar em 11 de abril de 2022.<\/p>\n<p>A Pr\u00f3-Reitora de Gradua\u00e7\u00e3o, professora Karina Cordeiro, apresentou a proposta de retomada das atividades acad\u00eamicas presenciais, aprova\u00e7\u00e3o e regulamenta\u00e7\u00e3o do Calend\u00e1rio Acad\u00eamico de Gradua\u00e7\u00e3o 2021.2 e 2022.1 elaborada de forma coletiva com a Superintend\u00eancia de Regula\u00e7\u00e3o e Registros Acad\u00eamicos (SURRAC), Coordenadoria de Tecnologia da Informa\u00e7\u00e3o (COTEC) e Centros de Ensino. A proposta levou em considera\u00e7\u00e3o as&nbsp;<a href=\"http:\/\/ufrb.edu.br\/wp-content\/uploads\/2020\/04\/diretrizes-covid19-ufrb-95b.pdf\">Diretrizes Institucionais de Medidas de Biosseguran\u00e7a de Enfrentamento \u00e0 COVID-19<\/a>.<\/p>\n<p>De acordo com a&nbsp;<a href=\"https:\/\/ufrb.edu.br\/soc\/components\/com_chronoforms5\/chronoforms\/uploads\/documento\/20211202125547_Resoluo_040_2021_Verso_Final_Assinada.pdf\">Resolu\u00e7\u00e3o CONAC\/UFRB N\u00ba 40\/2021<\/a>, o semestre 2021.2 inicia em 11 de abril e termina em 06 de agosto de 2022. J\u00e1 o semestre 2022.1 tem in\u00edcio em 29 de agosto e t\u00e9rmino em 24 de dezembro de 2022.<\/p>\n<p>Servidores e estudantes que apresentam condi\u00e7\u00f5es ou fatores de risco, conforme&nbsp;<a href=\"https:\/\/ufrb.edu.br\/soc\/components\/com_chronoforms5\/chronoforms\/uploads\/documento\/20211117100913_Resoluo_007_2021-assinado.pdf\">Artigo 3\u00ba da Resolu\u00e7\u00e3o CONSUNI\/UFRB N\u00ba 07\/2021<\/a>, s\u00e3o preservados da presencialidade. Os servidores que se enquadram em uma das situa\u00e7\u00f5es&nbsp;poder\u00e3o executar suas atividades de forma remota e os estudantes ter\u00e3o direito ao regime de exerc\u00edcios domiciliares.<\/p>\n<p>Acesse a <a href=\"https:\/\/ufrb.edu.br\/soc\/components\/com_chronoforms5\/chronoforms\/uploads\/documento\/20211202125547_Resoluo_040_2021_Verso_Final_Assinada.pdf\">Resolu\u00e7\u00e3o CONAC\/UFRB N\u00ba 40\/2021<\/a>.<\/p>\n<p><strong>P\u00f3s-Gradua\u00e7\u00e3o<\/strong><\/p>\n<p>A <a href=\"https:\/\/ufrb.edu.br\/soc\/components\/com_chronoforms5\/chronoforms\/uploads\/documento\/20211123180102_Resoluao_CONAC_36_2021-assinado.pdf\">Resolu\u00e7\u00e3o CONAC\/UFRB N\u00ba 36\/2021<\/a> regulamenta a retomada das atividades acad\u00eamicas presenciais dos cursos de p\u00f3s-gradua\u00e7\u00e3o. O semestre 2022.1 come\u00e7a em 21 de mar\u00e7o de 2022 e encerra em 23 de julho. J\u00e1 o semestre 2022.2 inicia em 22 de agosto e termina em 20 de dezembro.<\/p>\n<p>Acesse a&nbsp;<a href=\"https:\/\/ufrb.edu.br\/soc\/components\/com_chronoforms5\/chronoforms\/uploads\/documento\/20211123180102_Resoluao_CONAC_36_2021-assinado.pdf\">Resolu\u00e7\u00e3o CONAC\/UFRB N\u00ba 36\/2021<\/a>.<\/p>\n","protected":false},"excerpt":{"rendered":"<p>O Conselho Acad\u00eamico (CONAC) da Universidade Federal do Rec\u00f4ncavo da Bahia (UFRB), reunido em 26 de novembro, aprovou o retorno das atividades acad\u00eamicas presenciais de gradua\u00e7\u00e3o no semestre 2021.2, marcado para iniciar em 11 de abril de 2022. A Pr\u00f3-Reitora de Gradua\u00e7\u00e3o, professora Karina Cordeiro, apresentou a proposta de retomada das atividades acad\u00eamicas presenciais, aprova\u00e7\u00e3o [&hellip;]<\/p>\n","protected":false},"author":1,"featured_media":30474,"comment_status":"closed","ping_status":"closed","sticky":false,"template":"","format":"standard","meta":{"_acf_changed":false,"footnotes":""},"categories":[8],"tags":[15,17,32],"class_list":["post-30476","post","type-post","status-publish","format-standard","has-post-thumbnail","hentry","category-noticias","tag-egressos","tag-estudantes-e-mail","tag-tecnicos-administrativos-e-mail"],"acf":[],"_links":{"self":[{"href":"https:\/\/ufrb.edu.br\/portal\/wp-json\/wp\/v2\/posts\/30476","targetHints":{"allow":["GET"]}}],"collection":[{"href":"https:\/\/ufrb.edu.br\/portal\/wp-json\/wp\/v2\/posts"}],"about":[{"href":"https:\/\/ufrb.edu.br\/portal\/wp-json\/wp\/v2\/types\/post"}],"author":[{"embeddable":true,"href":"https:\/\/ufrb.edu.br\/portal\/wp-json\/wp\/v2\/users\/1"}],"replies":[{"embeddable":true,"href":"https:\/\/ufrb.edu.br\/portal\/wp-json\/wp\/v2\/comments?post=30476"}],"version-history":[{"count":0,"href":"https:\/\/ufrb.edu.br\/portal\/wp-json\/wp\/v2\/posts\/30476\/revisions"}],"wp:featuredmedia":[{"embeddable":true,"href":"https:\/\/ufrb.edu.br\/portal\/wp-json\/wp\/v2\/media\/30474"}],"wp:attachment":[{"href":"https:\/\/ufrb.edu.br\/portal\/wp-json\/wp\/v2\/media?parent=30476"}],"wp:term":[{"taxonomy":"category","embeddable":true,"href":"https:\/\/ufrb.edu.br\/portal\/wp-json\/wp\/v2\/categories?post=30476"},{"taxonomy":"post_tag","embeddable":true,"href":"https:\/\/ufrb.edu.br\/portal\/wp-json\/wp\/v2\/tags?post=30476"}],"curies":[{"name":"wp","href":"https:\/\/api.w.org\/{rel}","templated":true}]}}