{"id":30485,"date":"2021-12-10T11:57:03","date_gmt":"2021-12-10T11:57:03","guid":{"rendered":"https:\/\/ufrb.edu.br\/2021\/12\/10\/grupo-negras-da-ufrb-lanca-caderno-sisterhood-reflexoes-e-saberes-em-torno-da-pandemia\/"},"modified":"2021-12-10T11:57:03","modified_gmt":"2021-12-10T11:57:03","slug":"grupo-negras-da-ufrb-lanca-caderno-sisterhood-reflexoes-e-saberes-em-torno-da-pandemia","status":"publish","type":"post","link":"https:\/\/ufrb.edu.br\/portal\/noticias\/grupo-negras-da-ufrb-lanca-caderno-sisterhood-reflexoes-e-saberes-em-torno-da-pandemia\/","title":{"rendered":"Grupo NEGRAS da UFRB lan\u00e7a Caderno Sisterhood: Reflex\u00f5es e Saberes em Torno da Pandemia"},"content":{"rendered":"<p><img loading=\"lazy\" decoding=\"async\" class=\" size-full wp-image-30484\" src=\"http:\/\/ufrb.edu.br\/wp-content\/uploads\/2021\/12\/sisterhood-feed-8cf.png\" alt=\"\" width=\"1080\" height=\"1350\" srcset=\"https:\/\/ufrb.edu.br\/portal\/wp-content\/uploads\/sites\/5\/2021\/12\/sisterhood-feed-8cf.png 1080w, https:\/\/ufrb.edu.br\/portal\/wp-content\/uploads\/sites\/5\/2021\/12\/sisterhood-feed-8cf-240x300.png 240w, https:\/\/ufrb.edu.br\/portal\/wp-content\/uploads\/sites\/5\/2021\/12\/sisterhood-feed-8cf-819x1024.png 819w, https:\/\/ufrb.edu.br\/portal\/wp-content\/uploads\/sites\/5\/2021\/12\/sisterhood-feed-8cf-768x960.png 768w\" sizes=\"auto, (max-width: 1080px) 100vw, 1080px\" \/><\/p>\n<p>O N\u00facleo de Estudos e Pesquisas em G\u00eanero, Ra\u00e7a e Sa\u00fade (NEGRAS) da Universidade Federal do Rec\u00f4ncavo da Bahia (UFRB) lan\u00e7a Caderno Sisterhood: Reflex\u00f5es e Saberes em Torno da Pandemia.<\/p>\n<p>A publica\u00e7\u00e3o \u00e9 parte das atividades desenvolvidas pela Comiss\u00e3o Local de Enfrentamento \u00e0 Covid-19 do Centro de Ci\u00eancias da Sa\u00fade (CCS) da UFRB e recebeu propostas de textos sobre o cen\u00e1rio da pandemia. S\u00e3o dois volumes voltados para a comunidade acad\u00eamica, os profissionais da sa\u00fade e a comunidade em geral com a utiliza\u00e7\u00e3o de linguagem acess\u00edvel.<\/p>\n<p>De acordo com a equipe organizadora &#8220;os dois volumes desta edi\u00e7\u00e3o do Caderno Sisterhood representam um valioso olhar interno e externo sobre a experi\u00eancia vivenciada por todos e todas n\u00f3s com a pandemia, na forma como tem nos tocado e nos feito vivenciar dias dif\u00edceis, momentos inusitados para profissionais de sa\u00fade, professores e professoras, gestores e gestoras, estudantes, usu\u00e1rios e usu\u00e1rias dos servi\u00e7os de sa\u00fade, enfim, um contexto desafiador para n\u00f3s, pessoas sujeitas aos determinantes sociais dos agravos \u00e0 sa\u00fade&#8221;.<\/p>\n<p>Nessa edi\u00e7\u00e3o, os leitores ir\u00e3o encontrar no volume 1: artigos cient\u00edficos baseados em evid\u00eancias de pesquisas e relatos de experi\u00eancias. J\u00e1 o volume 2 foi reservado a todos os textos de opini\u00e3o, escritos que expressam uma posi\u00e7\u00e3o qualificada dos autores, a partir de suas pr\u00f3prias reflex\u00f5es, al\u00e9m de&nbsp;textos liter\u00e1rios e t\u00e9cnicos.<\/p>\n<p>O Caderno Sisterhood: Reflex\u00f5es e Saberes em Torno da Pandemia est\u00e1 dispon\u00edvel em:&nbsp;<a href=\"https:\/\/www3.ufrb.edu.br\/seer\/index.php\/negras\/issue\/view\/115\">ufrb.edu.br\/seer\/index.php\/negras\/issue\/view\/115<\/a>.<\/p>\n","protected":false},"excerpt":{"rendered":"<p>O N\u00facleo de Estudos e Pesquisas em G\u00eanero, Ra\u00e7a e Sa\u00fade (NEGRAS) da Universidade Federal do Rec\u00f4ncavo da Bahia (UFRB) lan\u00e7a Caderno Sisterhood: Reflex\u00f5es e Saberes em Torno da Pandemia. A publica\u00e7\u00e3o \u00e9 parte das atividades desenvolvidas pela Comiss\u00e3o Local de Enfrentamento \u00e0 Covid-19 do Centro de Ci\u00eancias da Sa\u00fade (CCS) da UFRB e recebeu [&hellip;]<\/p>\n","protected":false},"author":1,"featured_media":30483,"comment_status":"closed","ping_status":"closed","sticky":false,"template":"","format":"standard","meta":{"_acf_changed":false,"footnotes":""},"categories":[8],"tags":[15,17,32],"class_list":["post-30485","post","type-post","status-publish","format-standard","has-post-thumbnail","hentry","category-noticias","tag-egressos","tag-estudantes-e-mail","tag-tecnicos-administrativos-e-mail"],"acf":[],"_links":{"self":[{"href":"https:\/\/ufrb.edu.br\/portal\/wp-json\/wp\/v2\/posts\/30485","targetHints":{"allow":["GET"]}}],"collection":[{"href":"https:\/\/ufrb.edu.br\/portal\/wp-json\/wp\/v2\/posts"}],"about":[{"href":"https:\/\/ufrb.edu.br\/portal\/wp-json\/wp\/v2\/types\/post"}],"author":[{"embeddable":true,"href":"https:\/\/ufrb.edu.br\/portal\/wp-json\/wp\/v2\/users\/1"}],"replies":[{"embeddable":true,"href":"https:\/\/ufrb.edu.br\/portal\/wp-json\/wp\/v2\/comments?post=30485"}],"version-history":[{"count":0,"href":"https:\/\/ufrb.edu.br\/portal\/wp-json\/wp\/v2\/posts\/30485\/revisions"}],"wp:featuredmedia":[{"embeddable":true,"href":"https:\/\/ufrb.edu.br\/portal\/wp-json\/wp\/v2\/media\/30483"}],"wp:attachment":[{"href":"https:\/\/ufrb.edu.br\/portal\/wp-json\/wp\/v2\/media?parent=30485"}],"wp:term":[{"taxonomy":"category","embeddable":true,"href":"https:\/\/ufrb.edu.br\/portal\/wp-json\/wp\/v2\/categories?post=30485"},{"taxonomy":"post_tag","embeddable":true,"href":"https:\/\/ufrb.edu.br\/portal\/wp-json\/wp\/v2\/tags?post=30485"}],"curies":[{"name":"wp","href":"https:\/\/api.w.org\/{rel}","templated":true}]}}