{"id":30557,"date":"2022-02-02T15:45:43","date_gmt":"2022-02-02T15:45:43","guid":{"rendered":"https:\/\/ufrb.edu.br\/2022\/02\/02\/ufrb-inscreve-alunos-de-graduacao-para-o-programa-de-mobilidade-academica\/"},"modified":"2022-02-02T15:45:43","modified_gmt":"2022-02-02T15:45:43","slug":"ufrb-inscreve-alunos-de-graduacao-para-o-programa-de-mobilidade-academica","status":"publish","type":"post","link":"https:\/\/ufrb.edu.br\/portal\/noticias\/ufrb-inscreve-alunos-de-graduacao-para-o-programa-de-mobilidade-academica\/","title":{"rendered":"UFRB inscreve alunos de gradua\u00e7\u00e3o para o Programa de Mobilidade Acad\u00eamica"},"content":{"rendered":"<p><img loading=\"lazy\" decoding=\"async\" class=\" size-full wp-image-30556\" src=\"http:\/\/ufrb.edu.br\/wp-content\/uploads\/2022\/02\/mobilidade_2021-2-3a7.png\" alt=\"\" width=\"1080\" height=\"1350\" srcset=\"https:\/\/ufrb.edu.br\/portal\/wp-content\/uploads\/sites\/5\/2022\/02\/mobilidade_2021-2-3a7.png 1080w, https:\/\/ufrb.edu.br\/portal\/wp-content\/uploads\/sites\/5\/2022\/02\/mobilidade_2021-2-3a7-240x300.png 240w, https:\/\/ufrb.edu.br\/portal\/wp-content\/uploads\/sites\/5\/2022\/02\/mobilidade_2021-2-3a7-819x1024.png 819w, https:\/\/ufrb.edu.br\/portal\/wp-content\/uploads\/sites\/5\/2022\/02\/mobilidade_2021-2-3a7-768x960.png 768w\" sizes=\"auto, (max-width: 1080px) 100vw, 1080px\" \/><\/p>\n<p>A Universidade Federal do Rec\u00f4ncavo da Bahia (UFRB), por meio da Pr\u00f3-Reitoria de Gradua\u00e7\u00e3o (PROGRAD), anuncia a abertura de inscri\u00e7\u00f5es para alunos de gradua\u00e7\u00e3o de Institui\u00e7\u00f5es Federais de Ensino Superior (IFES) conveniadas ao Programa ANDIFES de Mobilidade Acad\u00eamica e da Universidade do Estado da Bahia (UNEB) realizarem mobilidade presencial na UFRB, no semestre letivo 2021.2, com in\u00edcio previsto para 11 de abril.<\/p>\n<p>As inscri\u00e7\u00f5es dos interessados continuam at\u00e9 o pr\u00f3ximo dia 20 de fevereiro, com o preenchimento online do&nbsp;<a href=\"https:\/\/www.ufrb.edu.br\/nuprop\/images\/Formul%C3%A1rio_de_Inscri%C3%A7%C3%A3o_Plano_de_Estudos_-_Mobilidade_na_UFRB.pdf\">Formul\u00e1rio de Inscri\u00e7\u00e3o <\/a>,&nbsp;anexando a documenta\u00e7\u00e3o exigida no&nbsp;<a href=\"https:\/\/www.ufrb.edu.br\/nuprop\/images\/EDITAL_PROGRAD_N_003-2022_-_Mobilidade_na_UFRB_2021.2_Assinado.pdf\" target=\"_blank\" rel=\"noopener\">Edital PROGRAD n\u00ba 003\/2022 &#8211; Mobilidade na UFRB<\/a>. N\u00e3o ser\u00e1 cobrada taxa de inscri\u00e7\u00e3o.<\/p>\n<p>O estudante poder\u00e1 realizar mobilidade na UFRB por at\u00e9 dois semestres letivos, prorrog\u00e1vel por mais um, de acordo com os crit\u00e9rios estabelecidos em cada conv\u00eanio e mediante concord\u00e2ncia das institui\u00e7\u00f5es de origem e de destino.<\/p>\n<p><strong>Sele\u00e7\u00e3o<\/strong><\/p>\n<p>N\u00e3o h\u00e1 limite de vagas. O aceite do discente selecionado ficar\u00e1 a crit\u00e9rio exclusivamente dos Colegiados de Curso de Gradua\u00e7\u00e3o da UFRB, dependendo da disponibilidade e possibilidade de matr\u00edcula nas atividades pretendidas.<\/p>\n<p>A sele\u00e7\u00e3o consistir\u00e1 na an\u00e1lise da documenta\u00e7\u00e3o a ser realizada pelo N\u00facleo de Programas e Projetos da PROGRAD e na aprecia\u00e7\u00e3o do pleito a ser feita pelos Colegiados dos Cursos de Gradua\u00e7\u00e3o.<\/p>\n<p>Leia o<a href=\"https:\/\/www.ufrb.edu.br\/nuprop\/images\/EDITAL_PROGRAD_N_003-2022_-_Mobilidade_na_UFRB_2021.2_Assinado.pdf\" target=\"_blank\" rel=\"noopener\">&nbsp;Edital PROGRAD N\u00ba 003\/2022.<\/a><\/p>\n<p>Mais informa\u00e7\u00f5es no site&nbsp;<a href=\"https:\/\/ufrb.edu.br\/nuprop\/\">ufrb.edu.br\/nuprop<\/a>.<\/p>\n","protected":false},"excerpt":{"rendered":"<p>A Universidade Federal do Rec\u00f4ncavo da Bahia (UFRB), por meio da Pr\u00f3-Reitoria de Gradua\u00e7\u00e3o (PROGRAD), anuncia a abertura de inscri\u00e7\u00f5es para alunos de gradua\u00e7\u00e3o de Institui\u00e7\u00f5es Federais de Ensino Superior (IFES) conveniadas ao Programa ANDIFES de Mobilidade Acad\u00eamica e da Universidade do Estado da Bahia (UNEB) realizarem mobilidade presencial na UFRB, no semestre letivo 2021.2, [&hellip;]<\/p>\n","protected":false},"author":1,"featured_media":30555,"comment_status":"closed","ping_status":"closed","sticky":false,"template":"","format":"standard","meta":{"_acf_changed":false,"footnotes":""},"categories":[8],"tags":[17],"class_list":["post-30557","post","type-post","status-publish","format-standard","has-post-thumbnail","hentry","category-noticias","tag-estudantes-e-mail"],"acf":[],"_links":{"self":[{"href":"https:\/\/ufrb.edu.br\/portal\/wp-json\/wp\/v2\/posts\/30557","targetHints":{"allow":["GET"]}}],"collection":[{"href":"https:\/\/ufrb.edu.br\/portal\/wp-json\/wp\/v2\/posts"}],"about":[{"href":"https:\/\/ufrb.edu.br\/portal\/wp-json\/wp\/v2\/types\/post"}],"author":[{"embeddable":true,"href":"https:\/\/ufrb.edu.br\/portal\/wp-json\/wp\/v2\/users\/1"}],"replies":[{"embeddable":true,"href":"https:\/\/ufrb.edu.br\/portal\/wp-json\/wp\/v2\/comments?post=30557"}],"version-history":[{"count":0,"href":"https:\/\/ufrb.edu.br\/portal\/wp-json\/wp\/v2\/posts\/30557\/revisions"}],"wp:featuredmedia":[{"embeddable":true,"href":"https:\/\/ufrb.edu.br\/portal\/wp-json\/wp\/v2\/media\/30555"}],"wp:attachment":[{"href":"https:\/\/ufrb.edu.br\/portal\/wp-json\/wp\/v2\/media?parent=30557"}],"wp:term":[{"taxonomy":"category","embeddable":true,"href":"https:\/\/ufrb.edu.br\/portal\/wp-json\/wp\/v2\/categories?post=30557"},{"taxonomy":"post_tag","embeddable":true,"href":"https:\/\/ufrb.edu.br\/portal\/wp-json\/wp\/v2\/tags?post=30557"}],"curies":[{"name":"wp","href":"https:\/\/api.w.org\/{rel}","templated":true}]}}