{"id":30576,"date":"2022-02-11T14:09:39","date_gmt":"2022-02-11T14:09:39","guid":{"rendered":"https:\/\/ufrb.edu.br\/2022\/02\/11\/ufrb-disponibiliza-dez-vagas-alunos-de-graduacao-e-de-pos-graduacao-para-projeto-sobre-mata-atlantica\/"},"modified":"2022-02-11T14:09:39","modified_gmt":"2022-02-11T14:09:39","slug":"ufrb-disponibiliza-dez-vagas-alunos-de-graduacao-e-de-pos-graduacao-para-projeto-sobre-mata-atlantica","status":"publish","type":"post","link":"https:\/\/ufrb.edu.br\/portal\/noticias\/ufrb-disponibiliza-dez-vagas-alunos-de-graduacao-e-de-pos-graduacao-para-projeto-sobre-mata-atlantica\/","title":{"rendered":"UFRB oferta vagas para alunos de gradua\u00e7\u00e3o e de p\u00f3s para projeto sobre Mata Atl\u00e2ntica"},"content":{"rendered":"<p><img loading=\"lazy\" decoding=\"async\" class=\" size-full wp-image-30575\" src=\"http:\/\/ufrb.edu.br\/wp-content\/uploads\/2022\/02\/projeto_interno-423.png\" alt=\"\" width=\"1080\" height=\"1920\" srcset=\"https:\/\/ufrb.edu.br\/portal\/wp-content\/uploads\/sites\/5\/2022\/02\/projeto_interno-423.png 1080w, https:\/\/ufrb.edu.br\/portal\/wp-content\/uploads\/sites\/5\/2022\/02\/projeto_interno-423-169x300.png 169w, https:\/\/ufrb.edu.br\/portal\/wp-content\/uploads\/sites\/5\/2022\/02\/projeto_interno-423-576x1024.png 576w, https:\/\/ufrb.edu.br\/portal\/wp-content\/uploads\/sites\/5\/2022\/02\/projeto_interno-423-768x1365.png 768w, https:\/\/ufrb.edu.br\/portal\/wp-content\/uploads\/sites\/5\/2022\/02\/projeto_interno-423-864x1536.png 864w\" sizes=\"auto, (max-width: 1080px) 100vw, 1080px\" \/><\/p>\n<p>A Universidade Federal do Rec\u00f4ncavo da Bahia (UFRB), por meio da Pr\u00f3-Reitoria de Extens\u00e3o (PROEXT), seleciona estudantes de gradua\u00e7\u00e3o e p\u00f3s-gradua\u00e7\u00e3o da institui\u00e7\u00e3o para atuarem no projeto Mapeamento, Banco de Dados e Estrutura\u00e7\u00e3o do Polo Aroeirinha \u2013 Mata Atl\u00e2ntica, por meio do&nbsp;<a href=\"https:\/\/www.ufrb.edu.br\/proext\/component\/chronoforms5\/?chronoform=ver-prosel&amp;id=1123\">Edital N\u00ba 02\/2022<\/a>.<\/p>\n<p>O objetivo do projeto de extens\u00e3o \u00e9 fomentar, estruturar e desenvolver a rede produtiva de plantas medicinais, insumos farmac\u00eauticos fitoter\u00e1picos, biocosmeticos, nutrac\u00eauticos e fitomedicamentos nas regi\u00f5es que compreendem o Polo Aroeirinha &#8211; Rec\u00f4ncavo, Baixo Sul e Sul da Bahia. O projeto vai priorizar o uso de plantas nativas e adaptadas do bioma da Mata Atl\u00e2ntica.<\/p>\n<p>As inscri\u00e7\u00f5es devem ser feitas por meio de<a href=\"https:\/\/docs.google.com\/forms\/d\/12yj-yc9TBkWi7HcAXxZA15XHZ_hsN4PAATanfNEinJI\/viewform?edit_requested=true\">&nbsp;formul\u00e1rio de inscri\u00e7\u00e3o online<\/a>. No total, est\u00e3o dispon\u00edveis dez vagas, sendo seis vagas para bolsistas e quatro para volunt\u00e1rios.&nbsp;Os volunt\u00e1rios podem ser de qualquer curso de gradua\u00e7\u00e3o da UFRB.<\/p>\n<p>A bolsa para p\u00f3s-graduando do Mestrado em Educa\u00e7\u00e3o do Campo ser\u00e1 de R$ 1.200,00, as bolsas para estudante de gradua\u00e7\u00e3o ser\u00e3o de R$550,00 ou R$ 900,00, a depender da \u00e1rea.<\/p>\n<p>Das bolsas para estudantes de gradua\u00e7\u00e3o, duas s\u00e3o para estudantes da \u00e1rea da sa\u00fade, uma para estudantes de Educa\u00e7\u00e3o no Campo, uma para estudantes de Ci\u00eancias Agr\u00e1rias, uma para estudantes de Engenharia da Computa\u00e7\u00e3o. A bolsa para estudantes de p\u00f3s-gradua\u00e7\u00e3o \u00e9 para estudantes matriculados no Mestrado Profissional em Educa\u00e7\u00e3o no Campo.<\/p>\n<p>Poss\u00edveis d\u00favidas ser\u00e3o esclarecidas pela equipe do N\u00facleo de Projetos e Programas da Proext, pelo e-mail&nbsp;<a href=\"mailto:coproext.nugepe@proext.ufrb.edu.br.\">coproext.nugepe@proext.ufrb.edu.br.<\/a>&nbsp;Todas as etapas da sele\u00e7\u00e3o dever\u00e3o ser acompanhadas no&nbsp;<a href=\"https:\/\/www.ufrb.edu.br\/proext\/component\/chronoforms5\/?chronoform=ver-prosel&amp;id=1123\">menu \u201csele\u00e7\u00f5es\u201d<\/a>&nbsp;da p\u00e1gina da Proext.<\/p>\n","protected":false},"excerpt":{"rendered":"<p>A Universidade Federal do Rec\u00f4ncavo da Bahia (UFRB), por meio da Pr\u00f3-Reitoria de Extens\u00e3o (PROEXT), seleciona estudantes de gradua\u00e7\u00e3o e p\u00f3s-gradua\u00e7\u00e3o da institui\u00e7\u00e3o para atuarem no projeto Mapeamento, Banco de Dados e Estrutura\u00e7\u00e3o do Polo Aroeirinha \u2013 Mata Atl\u00e2ntica, por meio do&nbsp;Edital N\u00ba 02\/2022. O objetivo do projeto de extens\u00e3o \u00e9 fomentar, estruturar e desenvolver [&hellip;]<\/p>\n","protected":false},"author":1,"featured_media":30574,"comment_status":"closed","ping_status":"closed","sticky":false,"template":"","format":"standard","meta":{"_acf_changed":false,"footnotes":""},"categories":[8],"tags":[],"class_list":["post-30576","post","type-post","status-publish","format-standard","has-post-thumbnail","hentry","category-noticias"],"acf":[],"_links":{"self":[{"href":"https:\/\/ufrb.edu.br\/portal\/wp-json\/wp\/v2\/posts\/30576","targetHints":{"allow":["GET"]}}],"collection":[{"href":"https:\/\/ufrb.edu.br\/portal\/wp-json\/wp\/v2\/posts"}],"about":[{"href":"https:\/\/ufrb.edu.br\/portal\/wp-json\/wp\/v2\/types\/post"}],"author":[{"embeddable":true,"href":"https:\/\/ufrb.edu.br\/portal\/wp-json\/wp\/v2\/users\/1"}],"replies":[{"embeddable":true,"href":"https:\/\/ufrb.edu.br\/portal\/wp-json\/wp\/v2\/comments?post=30576"}],"version-history":[{"count":0,"href":"https:\/\/ufrb.edu.br\/portal\/wp-json\/wp\/v2\/posts\/30576\/revisions"}],"wp:featuredmedia":[{"embeddable":true,"href":"https:\/\/ufrb.edu.br\/portal\/wp-json\/wp\/v2\/media\/30574"}],"wp:attachment":[{"href":"https:\/\/ufrb.edu.br\/portal\/wp-json\/wp\/v2\/media?parent=30576"}],"wp:term":[{"taxonomy":"category","embeddable":true,"href":"https:\/\/ufrb.edu.br\/portal\/wp-json\/wp\/v2\/categories?post=30576"},{"taxonomy":"post_tag","embeddable":true,"href":"https:\/\/ufrb.edu.br\/portal\/wp-json\/wp\/v2\/tags?post=30576"}],"curies":[{"name":"wp","href":"https:\/\/api.w.org\/{rel}","templated":true}]}}