{"id":30623,"date":"2022-03-07T11:38:46","date_gmt":"2022-03-07T11:38:46","guid":{"rendered":"https:\/\/ufrb.edu.br\/2022\/03\/07\/ufrb-abre-inscricoes-para-aluno-especial-de-graduacao-com-ingresso-em-2021-2\/"},"modified":"2022-03-07T11:38:46","modified_gmt":"2022-03-07T11:38:46","slug":"ufrb-abre-inscricoes-para-aluno-especial-de-graduacao-com-ingresso-em-2021-2","status":"publish","type":"post","link":"https:\/\/ufrb.edu.br\/portal\/noticias\/ufrb-abre-inscricoes-para-aluno-especial-de-graduacao-com-ingresso-em-2021-2\/","title":{"rendered":"UFRB abre inscri\u00e7\u00f5es para aluno especial de gradua\u00e7\u00e3o com ingresso em 2021.2"},"content":{"rendered":"<p><img loading=\"lazy\" decoding=\"async\" class=\" size-full wp-image-30621\" src=\"http:\/\/ufrb.edu.br\/wp-content\/uploads\/2022\/03\/aluno-especial-grad-feed-af0.png\" alt=\"\" width=\"1080\" height=\"1350\" srcset=\"https:\/\/ufrb.edu.br\/portal\/wp-content\/uploads\/sites\/5\/2022\/03\/aluno-especial-grad-feed-af0.png 1080w, https:\/\/ufrb.edu.br\/portal\/wp-content\/uploads\/sites\/5\/2022\/03\/aluno-especial-grad-feed-af0-240x300.png 240w, https:\/\/ufrb.edu.br\/portal\/wp-content\/uploads\/sites\/5\/2022\/03\/aluno-especial-grad-feed-af0-819x1024.png 819w, https:\/\/ufrb.edu.br\/portal\/wp-content\/uploads\/sites\/5\/2022\/03\/aluno-especial-grad-feed-af0-768x960.png 768w\" sizes=\"auto, (max-width: 1080px) 100vw, 1080px\" \/><\/p>\n<p>A Pr\u00f3-Reitoria de Gradua\u00e7\u00e3o (PROGRAD) da Universidade Federal do Rec\u00f4ncavo da Bahia (UFRB) anuncia a abertura de inscri\u00e7\u00f5es para os interessados em cursar componentes curriculares, na condi\u00e7\u00e3o de aluno especial de gradua\u00e7\u00e3o, com ingresso no semestre correspondente a 2021.2. As vagas ofertadas est\u00e3o descritas no&nbsp;<a href=\"http:\/\/ufrb.edu.br\/wp-content\/uploads\/2022\/03\/20220304121535_Edital_PROGRAD_5_2022-298.pdf\" target=\"_blank\" rel=\"noopener\">Anexo I &#8211; Vagas ofertadas do Edital N\u00ba 05\/2022<\/a>.<\/p>\n<p>O per\u00edodo de inscri\u00e7\u00e3o segue at\u00e9 o dia 09 de mar\u00e7o, no endere\u00e7o eletr\u00f4nico de Processos Seletivos da UFRB: <a href=\"http:\/\/www.ufrb.edu.br\/prosel\/\">ufrb.edu.br\/prosel<\/a>. A inscri\u00e7\u00e3o \u00e9 gratuita.<\/p>\n<p>Cada candidato poder\u00e1 se inscrever em at\u00e9 cinco componentes curriculares. sem constituir v\u00ednculo com o curso e sem necessidade de participa\u00e7\u00e3o em processo seletivo. O discente especial receber\u00e1 uma certid\u00e3o, com o registro do desempenho obtido no componente cursado, que poder\u00e1 ser aproveitado quando ingressar na institui\u00e7\u00e3o.<\/p>\n<p>Podem se inscrever os concluintes do Ensino M\u00e9dio; egressos do Ensino M\u00e9dio; alunos regulares de curso de gradua\u00e7\u00e3o, que n\u00e3o sejam da UFRB, legalmente autorizado ou reconhecido pelo MEC; e portador de diploma de curso superior de gradua\u00e7\u00e3o legalmente reconhecido pelo MEC.<\/p>\n<p><strong>Registro Acad\u00eamico<\/strong><\/p>\n<p>Ap\u00f3s a divulga\u00e7\u00e3o da classifica\u00e7\u00e3o dos interessados, previsto para 22 de mar\u00e7o, a pr\u00f3xima etapa \u00e9 a manifesta\u00e7\u00e3o de interesse no registro acad\u00eamico por parte do aluno, a ser realizada exclusivamente pela internet, no endere\u00e7o eletr\u00f4nico de Processos Seletivos da UFRB:<a href=\"http:\/\/www.ufrb.edu.br\/prosel\">ufrb.edu.br\/prosel<\/a>. O prazo para envio da documenta\u00e7\u00e3o para o registro acad\u00eamico \u00e9 de 02 a 05 de abril.<\/p>\n<p>Confira o&nbsp;<a href=\"http:\/\/ufrb.edu.br\/wp-content\/uploads\/2022\/03\/20220304121535_Edital_PROGRAD_5_2022-298.pdf\" target=\"_blank\" rel=\"noopener\">Edital N\u00ba 05\/2022<\/a>.<\/p>\n<p>Confira os cursos de Gradua\u00e7\u00e3o da UFRB:&nbsp;<a href=\"http:\/\/www.ufrb.edu.br\/portal\/graduacao\">ufrb.edu.br\/portal\/graduacao<\/a>.<\/p>\n<p>Mais informa\u00e7\u00f5es em <a href=\"https:\/\/ufrb.edu.br\/portal\/2009\/05\/14\/comunicado-sobre-o-concurso-docente-edital-no-012009\/\">ufrb.edu.br\/portal\/prosel<\/a>.<\/p>\n","protected":false},"excerpt":{"rendered":"<p>A Pr\u00f3-Reitoria de Gradua\u00e7\u00e3o (PROGRAD) da Universidade Federal do Rec\u00f4ncavo da Bahia (UFRB) anuncia a abertura de inscri\u00e7\u00f5es para os interessados em cursar componentes curriculares, na condi\u00e7\u00e3o de aluno especial de gradua\u00e7\u00e3o, com ingresso no semestre correspondente a 2021.2. As vagas ofertadas est\u00e3o descritas no&nbsp;Anexo I &#8211; Vagas ofertadas do Edital N\u00ba 05\/2022. O per\u00edodo [&hellip;]<\/p>\n","protected":false},"author":1,"featured_media":30620,"comment_status":"closed","ping_status":"closed","sticky":false,"template":"","format":"standard","meta":{"_acf_changed":false,"footnotes":""},"categories":[8],"tags":[],"class_list":["post-30623","post","type-post","status-publish","format-standard","has-post-thumbnail","hentry","category-noticias"],"acf":[],"_links":{"self":[{"href":"https:\/\/ufrb.edu.br\/portal\/wp-json\/wp\/v2\/posts\/30623","targetHints":{"allow":["GET"]}}],"collection":[{"href":"https:\/\/ufrb.edu.br\/portal\/wp-json\/wp\/v2\/posts"}],"about":[{"href":"https:\/\/ufrb.edu.br\/portal\/wp-json\/wp\/v2\/types\/post"}],"author":[{"embeddable":true,"href":"https:\/\/ufrb.edu.br\/portal\/wp-json\/wp\/v2\/users\/1"}],"replies":[{"embeddable":true,"href":"https:\/\/ufrb.edu.br\/portal\/wp-json\/wp\/v2\/comments?post=30623"}],"version-history":[{"count":0,"href":"https:\/\/ufrb.edu.br\/portal\/wp-json\/wp\/v2\/posts\/30623\/revisions"}],"wp:featuredmedia":[{"embeddable":true,"href":"https:\/\/ufrb.edu.br\/portal\/wp-json\/wp\/v2\/media\/30620"}],"wp:attachment":[{"href":"https:\/\/ufrb.edu.br\/portal\/wp-json\/wp\/v2\/media?parent=30623"}],"wp:term":[{"taxonomy":"category","embeddable":true,"href":"https:\/\/ufrb.edu.br\/portal\/wp-json\/wp\/v2\/categories?post=30623"},{"taxonomy":"post_tag","embeddable":true,"href":"https:\/\/ufrb.edu.br\/portal\/wp-json\/wp\/v2\/tags?post=30623"}],"curies":[{"name":"wp","href":"https:\/\/api.w.org\/{rel}","templated":true}]}}